{"id":837,"date":"2018-08-02T15:15:10","date_gmt":"2018-08-02T14:15:10","guid":{"rendered":"http:\/\/blogs.hoy.es\/Juandomingofernandez\/?p=837"},"modified":"2018-08-02T15:15:10","modified_gmt":"2018-08-02T14:15:10","slug":"una-a-cada-lado","status":"publish","type":"post","link":"https:\/\/blogs.hoy.es\/Juandomingofernandez\/2018\/08\/02\/una-a-cada-lado\/","title":{"rendered":"Una a cada lado"},"content":{"rendered":"<p>Leyendo estos d\u00edas las informaciones acerca de los sobresalientes y convalidaciones con papeles que no estaban y que ahora aparecen del m\u00e1ster de Casado uno se acuerda del viejo chiste del alumno al que tranquilizan antes del examen dici\u00e9ndole que como estaba recomendado le har\u00edan preguntas muy f\u00e1ciles.<\/p>\n<p>\u2013\u00ab\u00bfQui\u00e9n descubri\u00f3 Am\u00e9rica?\u00bb.<\/p>\n<p>\u2013\u00abCrist\u00f3bal Col\u00f3n\u00bb, \u2013respondi\u00f3 raudo el joven.<\/p>\n<p>\u2013\u00ab\u00bfY cu\u00e1ntas orejas ten\u00eda Crist\u00f3bal Col\u00f3n?\u00bb.<\/p>\n<p>\u2013\u00abDos\u00bb \u2013contest\u00f3 satisfecho.<\/p>\n<p>\u2013\u00abMuy bien, puede marcharse\u00bb, \u2013le indicaron desde el estrado.<\/p>\n<p>El alumno se dio la vuelta y cuando iba a mitad de pasillo se dirigi\u00f3 de nuevo al tribunal: \u00ab\u00a1Y una oreja a cada lado, que quiero nota!\u00bb.<\/p>\n<p>Aparte del simbolismo y recorrido que la oposici\u00f3n quiera conceder al asunto del m\u00e1ster, creo que se trata de un pozo sin demasiado petr\u00f3leo y desde luego sin la dimensi\u00f3n ni el morbo del \u2018expediente Cifuentes\u2019. El se\u00f1uelo ha servido para que reparen en la presa quienes est\u00e1n obligados profesionalmente a mirar con lupa (empezando desde las propias trincheras del fuego amigo) pero tengo la sensaci\u00f3n de que aqu\u00ed los reproches que caben son de car\u00e1cter est\u00e9tico (m\u00e1s que legal) descontados los de una titulitis galopante por innecesaria.<\/p>\n<p>Me parece que las peores consecuencias del \u2018falso se\u00f1uelo\u2019 no son la falta de enjundia como reproche pol\u00edtico, sino que est\u00e1 sirviendo de pantalla para distraer a la opini\u00f3n p\u00fablica de asuntos infinitamente m\u00e1s graves y onerosos para la democracia y para el conjunto de Espa\u00f1a. Pongamos que pienso en Catalu\u00f1a, en el trato de favor que se dispensa a la banca en este pa\u00eds (a costa de la ciudadan\u00eda, claro), en el mantenimiento de un sistema de pensiones sostenibles, en el \u00edndice del paro juvenil o en c\u00f3mo puede afrontar un Estado en evidente riesgo de asimetr\u00edas por el horizonte, cuestiones como la financiaci\u00f3n auton\u00f3mica, la despoblaci\u00f3n o la falta de tejido industrial. Ante palabras mayores como esas, la titulitis de Casado deviene en filfa, el chocolate del loro o pura dinamita <em>pa<\/em> los pollos.<\/p>\n<p>Acaso la principal ense\u00f1anza que puede extraerse del culebr\u00f3n del m\u00e1ster es la necesidad de que los partidos pol\u00edticos \u2013sin excepci\u00f3n\u2013 se centren en tareas que justifiquen su responsabilidad p\u00fablica y no se dediquen a la caza al salto de la an\u00e9cdota, a entretener el tiempo con la b\u00fasqueda de los siete errores o a discutir acerca de si son mastines o podencos mientras los aut\u00e9nticos lobos se zampan o malhieren a las ovejas del reba\u00f1o, que somos el resto.<\/p>\n<p>La pol\u00edtica concebida como rifirrafes dom\u00e9sticos y alicortos es el verdadero fracaso de la pol\u00edtica, su negaci\u00f3n. La pol\u00edtica de las distracciones, de las \u2018ocurrencias\u2019, dando por hecho que lo malo de hoy se olvida ma\u00f1ana, que la memoria es d\u00e9bil, al final solo sirve para dejar ejemplos de recortes nefastos o de incompetencias desairadas. Sin altura de miras y perspectiva moral, no hay pol\u00edtica que sobreviva: solo arraiga el fracaso. Aunque pida nota.<\/p>\n<!-- AddThis Advanced Settings generic via filter on the_content --><!-- AddThis Share Buttons generic via filter on the_content -->","protected":false},"excerpt":{"rendered":"<p>Leyendo estos d\u00edas las informaciones acerca de los sobresalientes y convalidaciones con papeles que no estaban y que ahora aparecen del m\u00e1ster de Casado uno se acuerda del viejo chiste del alumno al que tranquilizan antes del examen dici\u00e9ndole que como estaba recomendado le har\u00edan preguntas muy f\u00e1ciles. \u2013\u00ab\u00bfQui\u00e9n descubri\u00f3 Am\u00e9rica?\u00bb. \u2013\u00abCrist\u00f3bal Col\u00f3n\u00bb, \u2013respondi\u00f3 raudo [&hellip;]<!-- AddThis Advanced Settings generic via filter on get_the_excerpt --><!-- AddThis Share Buttons generic via filter on get_the_excerpt --><\/p>\n","protected":false},"author":13,"featured_media":0,"comment_status":"open","ping_status":"closed","sticky":false,"template":"","format":"standard","meta":[],"categories":[1],"tags":[1652,319,333,422,872,1015,1653],"_links":{"self":[{"href":"https:\/\/blogs.hoy.es\/Juandomingofernandez\/wp-json\/wp\/v2\/posts\/837"}],"collection":[{"href":"https:\/\/blogs.hoy.es\/Juandomingofernandez\/wp-json\/wp\/v2\/posts"}],"about":[{"href":"https:\/\/blogs.hoy.es\/Juandomingofernandez\/wp-json\/wp\/v2\/types\/post"}],"author":[{"embeddable":true,"href":"https:\/\/blogs.hoy.es\/Juandomingofernandez\/wp-json\/wp\/v2\/users\/13"}],"replies":[{"embeddable":true,"href":"https:\/\/blogs.hoy.es\/Juandomingofernandez\/wp-json\/wp\/v2\/comments?post=837"}],"version-history":[{"count":1,"href":"https:\/\/blogs.hoy.es\/Juandomingofernandez\/wp-json\/wp\/v2\/posts\/837\/revisions"}],"predecessor-version":[{"id":838,"href":"https:\/\/blogs.hoy.es\/Juandomingofernandez\/wp-json\/wp\/v2\/posts\/837\/revisions\/838"}],"wp:attachment":[{"href":"https:\/\/blogs.hoy.es\/Juandomingofernandez\/wp-json\/wp\/v2\/media?parent=837"}],"wp:term":[{"taxonomy":"category","embeddable":true,"href":"https:\/\/blogs.hoy.es\/Juandomingofernandez\/wp-json\/wp\/v2\/categories?post=837"},{"taxonomy":"post_tag","embeddable":true,"href":"https:\/\/blogs.hoy.es\/Juandomingofernandez\/wp-json\/wp\/v2\/tags?post=837"}],"curies":[{"name":"wp","href":"https:\/\/api.w.org\/{rel}","templated":true}]}}