{"id":841,"date":"2018-09-06T13:34:27","date_gmt":"2018-09-06T12:34:27","guid":{"rendered":"http:\/\/blogs.hoy.es\/Juandomingofernandez\/?p=841"},"modified":"2018-09-06T13:34:27","modified_gmt":"2018-09-06T12:34:27","slug":"del-amor-y-otras-variaciones","status":"publish","type":"post","link":"https:\/\/blogs.hoy.es\/Juandomingofernandez\/2018\/09\/06\/del-amor-y-otras-variaciones\/","title":{"rendered":"Del amor y otras variaciones"},"content":{"rendered":"<p>Crecer es cambiar. La idea del cambio est\u00e1 muy asentada en el imaginario colectivo quiz\u00e1s desde la noche de los tiempos, cuando la propia subsistencia exig\u00eda desplazarse continuamente en busca de alimentos, de abrigo, de protecci\u00f3n ante las amenazas externas. As\u00ed que mucho antes de que Her\u00e1clito formulara aquello de \u201cnadie se ba\u00f1a dos veces en el mismo r\u00edo\u201d aludiendo a que nada permanece y todo cambia, ese concepto ya lo habr\u00edan metabolizado nuestros antepasados.<\/p>\n<p>El prestigio del cambio ha crecido imparable porque la historia siempre lo vincula a los avances, al progreso, a la renovaci\u00f3n, al liderazgo\u2026 Cambiar es tomar decisiones: lo contrario del inmovilismo, de la omisi\u00f3n, de la inactividad. La vida es cambio. Y cada nueva generaci\u00f3n, si no quiere fosilizarse, debe evolucionar y apostar por las transformaciones para progresar y dar un paso adelante.<\/p>\n<p>Pero descarta mi buen Yorick cualquier intencionalidad pol\u00edtica o partidista en las reflexiones precedentes. Ocurre que una de las mejores apolog\u00edas sobre el cambio que he le\u00eddo hace poco se enmarca en la esfera personal, m\u00e1s en concreto en el \u00e1mbito de los afectos de pareja. En una entrevista al escritor Paulo Coelho en el \u2018XL Semanal\u2019 la periodista pregunta al exitoso autor brasile\u00f1o si lleva 40 a\u00f1os solo con la misma mujer. Y \u00e9l responde: \u00abNo; 40 a\u00f1os, s\u00ed; pero no con la misma mujer, ni ella con el mismo hombre. Si ella fuese la misma mujer, seguir\u00eda vistiendo con minifalda y ser\u00eda como las viejas con b\u00f3tox. Ella no ten\u00eda disciplina y yo se la he ense\u00f1ado. Yo no ten\u00eda compasi\u00f3n y me la ha ense\u00f1ado ella a m\u00ed. Creo que durante este tiempo\u00bb, a\u00f1ade Coelho, \u00abhe estado casado con cinco o seis mujeres diferentes, pero con la misma persona\u00bb.<\/p>\n<p>Tal vez parezca una \u2018boutade\u2019 o una salida ingeniosa pero yo creo que la respuesta del novelista sintetiza bastante bien la realidad y la experiencia de esos matrimonios que sobreviven durante d\u00e9cadas a los cataclismos de la vida y a\u00fan se reconocen en aquellos j\u00f3venes que un d\u00eda so\u00f1aron seguir juntos\u2026 toda la vida. Si nos detenemos un momento, enseguida acude a la memoria alg\u00fan ejemplo que ilustra bien esas convivencias gobernadas por la ley de la compensaci\u00f3n: ah\u00ed est\u00e1 quien aporta el realismo y all\u00e1 quien se gu\u00eda por el entusiasmo. Quienes se rigen por la templanza y a la vez por la tenacidad. All\u00e1 esa pareja que aprendi\u00f3 a dominar la vehemencia pero sin olvidar nunca la ternura. Quien cambi\u00f3 la indiferencia por la generosidad; la timidez por el coraje. Quien super\u00f3 las tempestades del desamor o la rutina con la certeza de conocer el rumbo y el puerto de llegada. El caso de esas parejas que, por muchos contratiempos afrontados, jam\u00e1s olvidan qui\u00e9nes son y lo que aman. Esas parejas a quienes la convivencia nunca les ha impedido ser, como en el poema de Lorca, blandos con las espigas, duros con las espuelas. En fin, me parece que la vida, los boleros y la literatura son un universo cuajado de historias tan reales como las de Paulo Coelho y su mujer.<\/p>\n<!-- AddThis Advanced Settings generic via filter on the_content --><!-- AddThis Share Buttons generic via filter on the_content -->","protected":false},"excerpt":{"rendered":"<p>Crecer es cambiar. La idea del cambio est\u00e1 muy asentada en el imaginario colectivo quiz\u00e1s desde la noche de los tiempos, cuando la propia subsistencia exig\u00eda desplazarse continuamente en busca de alimentos, de abrigo, de protecci\u00f3n ante las amenazas externas. As\u00ed que mucho antes de que Her\u00e1clito formulara aquello de \u201cnadie se ba\u00f1a dos veces [&hellip;]<!-- AddThis Advanced Settings generic via filter on get_the_excerpt --><!-- AddThis Share Buttons generic via filter on get_the_excerpt --><\/p>\n","protected":false},"author":13,"featured_media":0,"comment_status":"open","ping_status":"closed","sticky":false,"template":"","format":"standard","meta":[],"categories":[1],"tags":[67,284,1663,1662,1661,1659,1660],"_links":{"self":[{"href":"https:\/\/blogs.hoy.es\/Juandomingofernandez\/wp-json\/wp\/v2\/posts\/841"}],"collection":[{"href":"https:\/\/blogs.hoy.es\/Juandomingofernandez\/wp-json\/wp\/v2\/posts"}],"about":[{"href":"https:\/\/blogs.hoy.es\/Juandomingofernandez\/wp-json\/wp\/v2\/types\/post"}],"author":[{"embeddable":true,"href":"https:\/\/blogs.hoy.es\/Juandomingofernandez\/wp-json\/wp\/v2\/users\/13"}],"replies":[{"embeddable":true,"href":"https:\/\/blogs.hoy.es\/Juandomingofernandez\/wp-json\/wp\/v2\/comments?post=841"}],"version-history":[{"count":1,"href":"https:\/\/blogs.hoy.es\/Juandomingofernandez\/wp-json\/wp\/v2\/posts\/841\/revisions"}],"predecessor-version":[{"id":842,"href":"https:\/\/blogs.hoy.es\/Juandomingofernandez\/wp-json\/wp\/v2\/posts\/841\/revisions\/842"}],"wp:attachment":[{"href":"https:\/\/blogs.hoy.es\/Juandomingofernandez\/wp-json\/wp\/v2\/media?parent=841"}],"wp:term":[{"taxonomy":"category","embeddable":true,"href":"https:\/\/blogs.hoy.es\/Juandomingofernandez\/wp-json\/wp\/v2\/categories?post=841"},{"taxonomy":"post_tag","embeddable":true,"href":"https:\/\/blogs.hoy.es\/Juandomingofernandez\/wp-json\/wp\/v2\/tags?post=841"}],"curies":[{"name":"wp","href":"https:\/\/api.w.org\/{rel}","templated":true}]}}