{"id":843,"date":"2018-09-13T13:27:58","date_gmt":"2018-09-13T12:27:58","guid":{"rendered":"http:\/\/blogs.hoy.es\/Juandomingofernandez\/?p=843"},"modified":"2018-09-13T13:27:58","modified_gmt":"2018-09-13T12:27:58","slug":"lo-que-cuenta","status":"publish","type":"post","link":"https:\/\/blogs.hoy.es\/Juandomingofernandez\/2018\/09\/13\/lo-que-cuenta\/","title":{"rendered":"Lo que cuenta"},"content":{"rendered":"<p>M\u00e1s madera, es la guerra. Levantada la veda de las dimisiones a diestra y siniestra \u2013de Cifuentes a Mont\u00f3n\u2013 la esgrima de ayer en el Congreso sirvi\u00f3 para que Rivera exhumara el viejo asunto de la tesis doctoral de Pedro S\u00e1nchez. \u00bfSe habla de m\u00e1steres, de cursos, de tratos de favor, de zonas de sombra? Aprovechemos la proximidad de conceptos, debi\u00f3 de pensar el l\u00edder de Ciudadanos, dando por sentado que existen \u00abdudas razonables\u00bb sobre la tesis doctoral de S\u00e1nchez y que la mejor manera de acabar con las sospechas es someterla al escrutinio p\u00fablico: \u00abNo puede haber un caso presidente del Gobierno. Haga p\u00fablica su tesis doctoral para disipar las dudas. \u00bfQu\u00e9 tiene que ocultar?\u00bb, le pregunt\u00f3 Rivera a S\u00e1nchez.<\/p>\n<p>El episodio me record\u00f3 la famosa parodia de insulto que Borges recoge en \u2018Arte de injuriar\u2019 (\u2018Historia de la eternidad\u2019), donde se atribuye al doctor Johnson la siguiente contestaci\u00f3n: \u00abSu esposa, caballero, con el pretexto de que trabaja en un lupanar, vende g\u00e9nero de contrabando\u00bb. Doble nudo.<\/p>\n<p>Creo que en estos tiempos de frikismo democr\u00e1tico y populismo encendido resulta imprescindible para un seguimiento \u2018racional\u2019 de la pol\u00edtica, conseguir que las ramas no nos impidan ver el bosque; es decir, no dejarnos deslumbrar por el brillo trucado de los gestos y reparar en lo que importa. No hay manera de disculpar los plagios y menos si se vinculan a beneficios (los que sean) con un cargo p\u00fablico, pero la condena por tal hecho no puede ocultar otros aspectos positivos como la recuperaci\u00f3n de la sanidad universal y los primeros pasos para el fin del copago farmac\u00e9utico de los pensionistas. No se trata de comparar para disculpar sino de establecer escalas de valores, graduar el da\u00f1o y la responsabilidad.<\/p>\n<p>La algarab\u00eda por la tesis sin publicar de Pedro S\u00e1nchez (con todo lo que tiene de \u2018prevenci\u00f3n\u2019 infructuosa pues probablemente acabar\u00e1 saliendo a la luz) no puede ensombrecer otras iniciativas de m\u00e1s trascendencia para el conjunto de los espa\u00f1oles como esa ley con la que se va a prohibir la venta a fondos buitres de las viviendas destinadas a alquiler social. Una ley que har\u00e1 m\u00e1s justa y m\u00e1s segura la vida de quienes menos tienen.<\/p>\n<p>Otra cosa es que esta \u00faltima medida, anunciada tambi\u00e9n por el presidente del Gobierno en el pleno del Congreso, llegue con freno y marcha atr\u00e1s como ha ocurrido con la defensa del juez Llarena ante la demanda de Puigdemont y algunos responsables del \u2018proc\u00e9s\u2019 fugados a B\u00e9lgica, o ante el caso de las bombas inteligentes y la construcci\u00f3n de cinco corbetas para Arabia Saud\u00ed cuya resoluci\u00f3n est\u00e1 dejando al descubierto los consabidos conflictos de intereses que se producen cuando gobernar es una responsabilidad diaria y no mera teor\u00eda sin da\u00f1os colaterales.<\/p>\n<p>El espect\u00e1culo de la pol\u00edtica de gestos y las sucesivas \u2018penas de telediario\u2019 a que son castigados los nuevos galeotes de la pol\u00edtica patria quiz\u00e1s resultan muy entretenidos para esta sociedad medi\u00e1tica obligada a consumir productos perecederos, pero m\u00e1s cuenta nos tendr\u00e1 a todos reparar en lo esencial: Catalu\u00f1a, el paro, la sanidad, la educaci\u00f3n, las pensiones\u2026 y no en quien vende g\u00e9nero de contrabando.<\/p>\n<!-- AddThis Advanced Settings generic via filter on the_content --><!-- AddThis Share Buttons generic via filter on the_content -->","protected":false},"excerpt":{"rendered":"<p>M\u00e1s madera, es la guerra. Levantada la veda de las dimisiones a diestra y siniestra \u2013de Cifuentes a Mont\u00f3n\u2013 la esgrima de ayer en el Congreso sirvi\u00f3 para que Rivera exhumara el viejo asunto de la tesis doctoral de Pedro S\u00e1nchez. \u00bfSe habla de m\u00e1steres, de cursos, de tratos de favor, de zonas de sombra? [&hellip;]<!-- AddThis Advanced Settings generic via filter on get_the_excerpt --><!-- AddThis Share Buttons generic via filter on get_the_excerpt --><\/p>\n","protected":false},"author":13,"featured_media":0,"comment_status":"open","ping_status":"closed","sticky":false,"template":"","format":"standard","meta":[],"categories":[1],"tags":[42,165,1666,422,1665,978,1015,1667,1201,1664],"_links":{"self":[{"href":"https:\/\/blogs.hoy.es\/Juandomingofernandez\/wp-json\/wp\/v2\/posts\/843"}],"collection":[{"href":"https:\/\/blogs.hoy.es\/Juandomingofernandez\/wp-json\/wp\/v2\/posts"}],"about":[{"href":"https:\/\/blogs.hoy.es\/Juandomingofernandez\/wp-json\/wp\/v2\/types\/post"}],"author":[{"embeddable":true,"href":"https:\/\/blogs.hoy.es\/Juandomingofernandez\/wp-json\/wp\/v2\/users\/13"}],"replies":[{"embeddable":true,"href":"https:\/\/blogs.hoy.es\/Juandomingofernandez\/wp-json\/wp\/v2\/comments?post=843"}],"version-history":[{"count":1,"href":"https:\/\/blogs.hoy.es\/Juandomingofernandez\/wp-json\/wp\/v2\/posts\/843\/revisions"}],"predecessor-version":[{"id":844,"href":"https:\/\/blogs.hoy.es\/Juandomingofernandez\/wp-json\/wp\/v2\/posts\/843\/revisions\/844"}],"wp:attachment":[{"href":"https:\/\/blogs.hoy.es\/Juandomingofernandez\/wp-json\/wp\/v2\/media?parent=843"}],"wp:term":[{"taxonomy":"category","embeddable":true,"href":"https:\/\/blogs.hoy.es\/Juandomingofernandez\/wp-json\/wp\/v2\/categories?post=843"},{"taxonomy":"post_tag","embeddable":true,"href":"https:\/\/blogs.hoy.es\/Juandomingofernandez\/wp-json\/wp\/v2\/tags?post=843"}],"curies":[{"name":"wp","href":"https:\/\/api.w.org\/{rel}","templated":true}]}}