{"id":846,"date":"2018-09-20T12:16:54","date_gmt":"2018-09-20T11:16:54","guid":{"rendered":"http:\/\/blogs.hoy.es\/Juandomingofernandez\/?p=846"},"modified":"2018-09-20T12:16:54","modified_gmt":"2018-09-20T11:16:54","slug":"del-topo-al-totem","status":"publish","type":"post","link":"https:\/\/blogs.hoy.es\/Juandomingofernandez\/2018\/09\/20\/del-topo-al-totem\/","title":{"rendered":"Del topo al t\u00f3tem"},"content":{"rendered":"<p>En la pel\u00edcula \u2018El topo\u2019, basada en la obra de ese maestro de las novelas de esp\u00edas que es John Le Carre, hay una escena llena de humanidad y perspicacia en la que el veterano George Smiley, en tiempos de la guerra fr\u00eda, le relata a un joven colega de los servicios brit\u00e1nicos c\u00f3mo fue el \u00fanico encuentro que tuvo en su vida con Karla, el jefe del espionaje sovi\u00e9tico. El rev\u00e9s del espejo al otro lado del tel\u00f3n de acero. George Smile cuenta que al final de aquella reuni\u00f3n, Karla no acept\u00f3 ning\u00fan tipo de negociaci\u00f3n y prefiri\u00f3 viajar hacia donde cre\u00eda que le esperaba la muerte \u00abantes de rendirse\u00bb.<\/p>\n<p>\u2013Y por eso s\u00e9 que podemos vencerle \u2013a\u00f1ade Smile\u2013 porque es un fan\u00e1tico, y los fan\u00e1ticos siempre ocultan una duda secreta.<\/p>\n<p>El fanatismo est\u00e1 siempre emparentado con la falta de raz\u00f3n. Desde posiciones aut\u00e9nticamente democr\u00e1ticas, razonar, respetar la verdad, dialogar, son t\u00e9rminos incompatibles con el fanatismo, se exprese este con violencia f\u00edsica o sin ella, porque el fanatismo siempre implica en cualquier caso \u2018violencia moral\u2019. El viejo axioma: \u00abRasca en un fan\u00e1tico y hallar\u00e1s una herida no cicatrizada\u00bb resume mejor que cualquier tratado de psicolog\u00eda social los estragos que est\u00e1n causando el populismo de la posverdad, los nacionalismos \u00e9tnicos, los supremacismos de aldea y otras supersticiones que abonan el adoctrinamiento medi\u00e1tico y el arrinconamiento contumaz de la raz\u00f3n ante cualquier efluvio de \u2018sentimentalidad\u2019. Adi\u00f3s al hombre, al ciudadano, en beneficio del t\u00f3tem y de la tribu\u2026<\/p>\n<p>A\u00fan resuenan las palabras de Torra en mayo de 2018, durante su toma de posesi\u00f3n como presidente de la Generalitat: \u00abNo nos rendiremos nunca\u00bb. M\u00e1s otras cuentas previas de la misma o similares letan\u00edas: \u00ablos espa\u00f1oles solo saben expoliar\u00bb, \u00abverg\u00fcenza es una palabra que los espa\u00f1oles hace a\u00f1os que han eliminado de su vocabulario\u00bb, \u00abno vamos a defendernos en ese juicio, sino que vamos a acusar al Estado espa\u00f1ol de haber promovido una causa contra el independentismo\u00bb. Actitudes consecuencia l\u00f3gica del \u2018proc\u00e9s\u2019 y diariamente reactivadas por ejemplo con iniciativas sectarias y discriminadoras con la mitad de la poblaci\u00f3n de Catalu\u00f1a como el viaje \u2018propagand\u00edstico\u2019 a Estados Unidos, donde un embajador de Espa\u00f1a tuvo que salir al paso y cantarles las verdades del barquero. Pac\u00edfica y democr\u00e1ticamente. Un fanatismo que impregna las m\u00faltiples decisiones de ese Parlament \u2018cerrado\u2019 que juega con el c\u00ednico argumento del victimismo invertido: presentarse como \u2018golpeados\u2019 quienes en realidad son los \u2018golpistas\u2019. Cu\u00e1nta raz\u00f3n tiene Voltaire: \u00abCuando el fanatismo ha gangrenado el cerebro, la enfermedad es casi incurable\u00bb.<\/p>\n<p>Por suerte, frente a toda esa carcunda dopada por el separatismo, Espa\u00f1a responde con el respeto a la ley y a la democracia que se derivan de la Constituci\u00f3n. Y a pesar de las provocaciones y desaf\u00edos independentistas, en las calles no faltan las sonrisas ni siquiera el espejo revelador de Tabarnia. El tiempo corre contra el fanatismo porque como dice Smile, \u00ablos fan\u00e1ticos siempre ocultan una duda secreta\u00bb. Y a la ONU no le caben dudas, sin embargo, de a qu\u00e9 colonias puede aplicarse con justicia el derecho de autodeterminaci\u00f3n.<\/p>\n<!-- AddThis Advanced Settings generic via filter on the_content --><!-- AddThis Share Buttons generic via filter on the_content -->","protected":false},"excerpt":{"rendered":"<p>En la pel\u00edcula \u2018El topo\u2019, basada en la obra de ese maestro de las novelas de esp\u00edas que es John Le Carre, hay una escena llena de humanidad y perspicacia en la que el veterano George Smiley, en tiempos de la guerra fr\u00eda, le relata a un joven colega de los servicios brit\u00e1nicos c\u00f3mo fue [&hellip;]<!-- AddThis Advanced Settings generic via filter on get_the_excerpt --><!-- AddThis Share Buttons generic via filter on get_the_excerpt --><\/p>\n","protected":false},"author":13,"featured_media":0,"comment_status":"open","ping_status":"closed","sticky":false,"template":"","format":"standard","meta":[],"categories":[1],"tags":[205,277,319,1671,422,1668,673,1670,1383,1669,1457,1640,1350],"_links":{"self":[{"href":"https:\/\/blogs.hoy.es\/Juandomingofernandez\/wp-json\/wp\/v2\/posts\/846"}],"collection":[{"href":"https:\/\/blogs.hoy.es\/Juandomingofernandez\/wp-json\/wp\/v2\/posts"}],"about":[{"href":"https:\/\/blogs.hoy.es\/Juandomingofernandez\/wp-json\/wp\/v2\/types\/post"}],"author":[{"embeddable":true,"href":"https:\/\/blogs.hoy.es\/Juandomingofernandez\/wp-json\/wp\/v2\/users\/13"}],"replies":[{"embeddable":true,"href":"https:\/\/blogs.hoy.es\/Juandomingofernandez\/wp-json\/wp\/v2\/comments?post=846"}],"version-history":[{"count":1,"href":"https:\/\/blogs.hoy.es\/Juandomingofernandez\/wp-json\/wp\/v2\/posts\/846\/revisions"}],"predecessor-version":[{"id":847,"href":"https:\/\/blogs.hoy.es\/Juandomingofernandez\/wp-json\/wp\/v2\/posts\/846\/revisions\/847"}],"wp:attachment":[{"href":"https:\/\/blogs.hoy.es\/Juandomingofernandez\/wp-json\/wp\/v2\/media?parent=846"}],"wp:term":[{"taxonomy":"category","embeddable":true,"href":"https:\/\/blogs.hoy.es\/Juandomingofernandez\/wp-json\/wp\/v2\/categories?post=846"},{"taxonomy":"post_tag","embeddable":true,"href":"https:\/\/blogs.hoy.es\/Juandomingofernandez\/wp-json\/wp\/v2\/tags?post=846"}],"curies":[{"name":"wp","href":"https:\/\/api.w.org\/{rel}","templated":true}]}}