{"id":857,"date":"2018-10-18T12:54:41","date_gmt":"2018-10-18T11:54:41","guid":{"rendered":"http:\/\/blogs.hoy.es\/Juandomingofernandez\/?p=857"},"modified":"2018-10-18T12:54:41","modified_gmt":"2018-10-18T11:54:41","slug":"lugar-de-encuentro","status":"publish","type":"post","link":"https:\/\/blogs.hoy.es\/Juandomingofernandez\/2018\/10\/18\/lugar-de-encuentro\/","title":{"rendered":"Lugar de encuentro"},"content":{"rendered":"<p>Cuando una sociedad comienza a madurar y presiente que el futuro le queda a la espalda, cuenta m\u00e1s el ayer que el ma\u00f1ana. La vida, claro est\u00e1, no se detiene, lo que quiero decir es que alcanzada esa l\u00ednea fronteriza las generaciones m\u00e1s veteranas modifican sus prioridades y se dejan seducir no tanto por lo que esperan vivir sino por lo que ya han vivido. No detienen su paso, ni su mirada, ni sus ilusiones, pero disfrutan cada vez m\u00e1s mirando hacia atr\u00e1s sin ira\u2026 y sin melancol\u00eda. A m\u00ed me parece que las redes sociales se han convertido precisamente en un escaparate formidable de esas inquietudes, de esa nueva deriva sentimental. Basta echar un vistazo y comprobar c\u00f3mo proliferan los sitios webs, los blogs, los foros, en los que el contenido b\u00e1sico lo constituyen \u00e1lbumes de fotos antiguas de ciudades, de pueblos, de barriadas, en los que se recrean perfiles biogr\u00e1ficos, an\u00e9cdotas y episodios de personajes an\u00f3nimos o de tipos populares que perviven en el imaginario colectivo. Desde la vendedora del carrito de chucher\u00edas hasta el vendedor de pic\u00f3n o el \u2018santo inocente\u2019, tan querido por todos, paseando con devoci\u00f3n sus estampas y que la gente vincula a los cambios de tiempo: \u00abHa salido Nano, seguro que va a llover\u00bb.<\/p>\n<p>Esas fotograf\u00edas se convierten en \u00e1lbumes abiertos con los que se puede interactuar para precisar una fecha, concretar el detalle de un nombre, advertir un error o a\u00f1adir cualquier circunstancia que se considere valiosa. Pinceladas completando un cuadro que despierta inter\u00e9s. En realidad, otra forma de estructurar sociedades ahora \u2018dispersas\u2019 y que antes se hallaban \u2018unidas\u2019 al compartir espacios donde la presencia f\u00edsica estaba garantizada: las plazas, los cines, el teatro, el campo de f\u00fatbol, los paseos habituales en las ciudades (en el caso de C\u00e1ceres, por ejemplo, \u2018cursi\u2019 \u2013de \u2018cursilandia\u2019\u2013 en la acera de las Hermanitas de los Pobres y el Colis\u00e9um y en frente \u2018catetolandia\u2019 en C\u00e1novas, donde proliferaban los reclutas del CIR), en los barrios, en las fiestas patronales, en las \u2013escasas\u2013 piscinas p\u00fablicas y otros espacios de encuentro colectivo\u2026 Tras los cambios de h\u00e1bitos sociales los lugares de encuentro en la actualidad son el centro comercial (como ya advirti\u00f3 Saramago) y por antonomasia Internet, con su apoteosis de comunidades virtuales que sustituyen la \u2018fisicidad\u2019 de otros lugares.<\/p>\n<p>Las fotograf\u00edas nos devuelven la precisi\u00f3n del instante, ese gesto en el que ya presentimos acontecimientos que tal vez solo habitaron nuestros sue\u00f1os, como el muchacho al que la imaginaci\u00f3n le hace llegar m\u00e1s lejos de donde tiene los pies. La cabeza a p\u00e1jaros. Im\u00e1genes que te permiten capturar, como una revelaci\u00f3n, el esp\u00edritu de recuerdos desdibujados por la niebla del ayer. Porque recordar no nos transporta \u00fanicamente en el tiempo, permite resguardarnos contra el dolor o la adversidad. La memoria, antes analg\u00e9sico que placebo. \u00abHay momentos en la vida\u00bb escribe Voltaire \u00abcuyo recuerdo es suficiente para borrar a\u00f1os de sufrimiento\u00bb. Y al cabo, la conclusi\u00f3n de J. P. Richter: \u00abEl recuerdo es el \u00fanico para\u00edso del cual no podemos ser expulsados\u00bb. La llave del candado est\u00e1 en tu poder.<\/p>\n<!-- AddThis Advanced Settings generic via filter on the_content --><!-- AddThis Share Buttons generic via filter on the_content -->","protected":false},"excerpt":{"rendered":"<p>Cuando una sociedad comienza a madurar y presiente que el futuro le queda a la espalda, cuenta m\u00e1s el ayer que el ma\u00f1ana. La vida, claro est\u00e1, no se detiene, lo que quiero decir es que alcanzada esa l\u00ednea fronteriza las generaciones m\u00e1s veteranas modifican sus prioridades y se dejan seducir no tanto por lo [&hellip;]<!-- AddThis Advanced Settings generic via filter on get_the_excerpt --><!-- AddThis Share Buttons generic via filter on get_the_excerpt --><\/p>\n","protected":false},"author":13,"featured_media":0,"comment_status":"open","ping_status":"closed","sticky":false,"template":"","format":"standard","meta":[],"categories":[1],"tags":[284,638,1679,830,1087,1350],"_links":{"self":[{"href":"https:\/\/blogs.hoy.es\/Juandomingofernandez\/wp-json\/wp\/v2\/posts\/857"}],"collection":[{"href":"https:\/\/blogs.hoy.es\/Juandomingofernandez\/wp-json\/wp\/v2\/posts"}],"about":[{"href":"https:\/\/blogs.hoy.es\/Juandomingofernandez\/wp-json\/wp\/v2\/types\/post"}],"author":[{"embeddable":true,"href":"https:\/\/blogs.hoy.es\/Juandomingofernandez\/wp-json\/wp\/v2\/users\/13"}],"replies":[{"embeddable":true,"href":"https:\/\/blogs.hoy.es\/Juandomingofernandez\/wp-json\/wp\/v2\/comments?post=857"}],"version-history":[{"count":1,"href":"https:\/\/blogs.hoy.es\/Juandomingofernandez\/wp-json\/wp\/v2\/posts\/857\/revisions"}],"predecessor-version":[{"id":858,"href":"https:\/\/blogs.hoy.es\/Juandomingofernandez\/wp-json\/wp\/v2\/posts\/857\/revisions\/858"}],"wp:attachment":[{"href":"https:\/\/blogs.hoy.es\/Juandomingofernandez\/wp-json\/wp\/v2\/media?parent=857"}],"wp:term":[{"taxonomy":"category","embeddable":true,"href":"https:\/\/blogs.hoy.es\/Juandomingofernandez\/wp-json\/wp\/v2\/categories?post=857"},{"taxonomy":"post_tag","embeddable":true,"href":"https:\/\/blogs.hoy.es\/Juandomingofernandez\/wp-json\/wp\/v2\/tags?post=857"}],"curies":[{"name":"wp","href":"https:\/\/api.w.org\/{rel}","templated":true}]}}