{"id":859,"date":"2018-10-25T12:27:30","date_gmt":"2018-10-25T11:27:30","guid":{"rendered":"http:\/\/blogs.hoy.es\/Juandomingofernandez\/?p=859"},"modified":"2018-10-25T12:28:47","modified_gmt":"2018-10-25T11:28:47","slug":"alvaro-valverde-en-estado-puro","status":"publish","type":"post","link":"https:\/\/blogs.hoy.es\/Juandomingofernandez\/2018\/10\/25\/alvaro-valverde-en-estado-puro\/","title":{"rendered":"\u00c1lvaro Valverde en estado puro"},"content":{"rendered":"<p>Del mismo modo que Manuel Machado equiparaba el \u00e9xito de una copla a esa suerte de difusi\u00f3n masiva que culmina cuando la autenticidad del texto fagocita incluso el nombre de quien la cre\u00f3: \u00abHasta que el pueblo las canta, \/ las coplas, coplas no son,\/ y cuando las canta el pueblo, \/ ya nadie sabe el autor\u00bb, las redes sociales est\u00e1n favoreciendo una modalidad de \u2018\u00e9xito\u2019 similar. \u2018El cuarto del siroco\u2019, el \u00faltimo libro de poemas de \u00c1lvaro Valverde (Plasencia, 1959), ilustra bien el fen\u00f3meno: muchos de quienes se hacen eco de su publicaci\u00f3n no se limitan a hilvanar una breve rese\u00f1a o reflexi\u00f3n apresurada sino que reproducen uno o varios de los 75 poemas que componen el volumen. De esta forma se convierten en altavoces y difusores de una obra dirigida a la \u2018inmensa minor\u00eda\u2019 juanramoniana que lee en papel y al mismo tiempo a esa otra minor\u00eda \u2013no menos inmensa, tal vez\u2013 que frecuenta la galaxia digital. Desde que \u2018El cuarto del siroco\u2019 lleg\u00f3 a los estantes hace apenas unos d\u00edas, he visto en Facebook y en otras redes sociales reproducidos completos los poemas: \u2018Jardim do Pa\u00e7o\u2019, \u2018Candelario, 8 de agosto\u2019, \u2018Homenaje\u2019, \u2018Hacia adentro\u2019, \u2018Tristeza\u2019, \u2018A modo de po\u00e9tica\u2019, \u2018Canci\u00f3n de aniversario\u2019, \u2018Aqu\u00e9l\u2019\u2026 Supongo que solo es el principio.<\/p>\n<p>De alguna manera la \u2018presencia\u2019 que garantiza Internet a trav\u00e9s del autor y de quienes multiplican sus referencias en las redes, opera como la m\u00fasica en las emisoras de radio o en las plataformas multimedia. Ya no se trata \u00fanicamente de vol\u00famenes impresos en papel sino de \u2018contenidos\u2019 que perviven en el tiempo y en el espacio (digital) igual que las viejas coplas o las canciones se transmit\u00edan de viva voz generaci\u00f3n tras generaci\u00f3n.<\/p>\n<p>Me parece que recepciones tan fruct\u00edferas est\u00e1n reservadas para poetas como \u00c1lvaro Valverde, uno de los \u2018consagrados\u2019 de la poes\u00eda espa\u00f1ola desde hace d\u00e9cadas, y en el que se da tambi\u00e9n la condici\u00f3n de cr\u00edtico prestigioso y atento a la actualidad.<\/p>\n<p>Cuenta el propio Valverde que \u2018El cuarto del siroco\u2019 debe su t\u00edtulo a la \u00abhabitaci\u00f3n donde las familias nobles sicilianas se guarec\u00edan mientras soplaba el temible siroco, impetuoso viento del sudeste que atraviesa el Mediterr\u00e1neo procedente de los desiertos del norte de \u00c1frica\u00bb, es decir, \u00abun refugio que uno interpreta tambi\u00e9n como met\u00e1fora de la poes\u00eda. Y de la vida, que es lo mismo\u00bb, confiesa el placentino.<\/p>\n<p>Yo recomiendo leer el \u2018El cuarto del siroco\u2019 en papel, y pausadamente. Es la voz madura, natural, de un poeta sin otros \u00e9nfasis que los de la emoci\u00f3n y la belleza. En cualquiera de los 75 poemas que forman \u2018El cuarto del siroco\u2019 brilla A.V. en estado puro. Pero puestos a seleccionar uno, yo elijo \u2018C\u00e1nci\u00f3n de aniversario\u2019, coronado por estas palabras de Miguel Hern\u00e1ndez: \u00ab\u2026con el amor a cuestas\u00bb. Un poema, en fin, que entrelaza la ofrenda y la disculpa:<\/p>\n<p>\u00abCon la misma insistencia \/ con que cantan las t\u00f3rtolas, \/ con la fuerza indomable \/ con que sopla el levante, \/con la nota perenne \/ del olor del jazm\u00edn, \/ te he querido estos a\u00f1os.\/ Si ha sido para bien, \/ celebr\u00e9moslo juntos. \/ Si todo lo contrario, \/ tu sabr\u00e1s perdon\u00e1rmelo\u00bb.<\/p>\n<!-- AddThis Advanced Settings generic via filter on the_content --><!-- AddThis Share Buttons generic via filter on the_content -->","protected":false},"excerpt":{"rendered":"<p>Del mismo modo que Manuel Machado equiparaba el \u00e9xito de una copla a esa suerte de difusi\u00f3n masiva que culmina cuando la autenticidad del texto fagocita incluso el nombre de quien la cre\u00f3: \u00abHasta que el pueblo las canta, \/ las coplas, coplas no son,\/ y cuando las canta el pueblo, \/ ya nadie sabe [&hellip;]<!-- AddThis Advanced Settings generic via filter on get_the_excerpt --><!-- AddThis Share Buttons generic via filter on get_the_excerpt --><\/p>\n","protected":false},"author":13,"featured_media":0,"comment_status":"open","ping_status":"closed","sticky":false,"template":"","format":"standard","meta":[],"categories":[1],"tags":[62,522,710,763,798,851,1005,1014,1087],"_links":{"self":[{"href":"https:\/\/blogs.hoy.es\/Juandomingofernandez\/wp-json\/wp\/v2\/posts\/859"}],"collection":[{"href":"https:\/\/blogs.hoy.es\/Juandomingofernandez\/wp-json\/wp\/v2\/posts"}],"about":[{"href":"https:\/\/blogs.hoy.es\/Juandomingofernandez\/wp-json\/wp\/v2\/types\/post"}],"author":[{"embeddable":true,"href":"https:\/\/blogs.hoy.es\/Juandomingofernandez\/wp-json\/wp\/v2\/users\/13"}],"replies":[{"embeddable":true,"href":"https:\/\/blogs.hoy.es\/Juandomingofernandez\/wp-json\/wp\/v2\/comments?post=859"}],"version-history":[{"count":1,"href":"https:\/\/blogs.hoy.es\/Juandomingofernandez\/wp-json\/wp\/v2\/posts\/859\/revisions"}],"predecessor-version":[{"id":860,"href":"https:\/\/blogs.hoy.es\/Juandomingofernandez\/wp-json\/wp\/v2\/posts\/859\/revisions\/860"}],"wp:attachment":[{"href":"https:\/\/blogs.hoy.es\/Juandomingofernandez\/wp-json\/wp\/v2\/media?parent=859"}],"wp:term":[{"taxonomy":"category","embeddable":true,"href":"https:\/\/blogs.hoy.es\/Juandomingofernandez\/wp-json\/wp\/v2\/categories?post=859"},{"taxonomy":"post_tag","embeddable":true,"href":"https:\/\/blogs.hoy.es\/Juandomingofernandez\/wp-json\/wp\/v2\/tags?post=859"}],"curies":[{"name":"wp","href":"https:\/\/api.w.org\/{rel}","templated":true}]}}