{"id":86,"date":"2007-09-16T00:22:44","date_gmt":"2007-09-16T00:22:44","guid":{"rendered":"http:\/\/blogs.hoy.es\/Juandomingofernandez\/?p=86"},"modified":"2007-09-16T00:22:44","modified_gmt":"2007-09-16T00:22:44","slug":"el-flaco-la-trena","status":"publish","type":"post","link":"https:\/\/blogs.hoy.es\/Juandomingofernandez\/2007\/09\/16\/el-flaco-la-trena\/","title":{"rendered":"&#039;El Flaco&#039;, a la trena"},"content":{"rendered":"<p class=\"MsoNormal\"><font face=\"Times New Roman\" size=\"4\">Es m\u00e1s flaco que la sombra de Joaqu\u00edn<br \/>\nSabina. Le gustan Andy Warhol y las fotos de Cartier-Bresson. No se le conocen<br \/>\nenemigos, y sus amigos le envidian el aire de joven Casanova que \u00e9l niega con<br \/>\nhumildad, como hacen todos los caballeros seductores que son donjuanes<br \/>\ninvoluntarios.<\/font><\/p>\n<p class=\"MsoNormal\"><font face=\"Times New Roman\" size=\"4\">La primera vez que acudi\u00f3 a cubrir<br \/>\ninformativamente una manifestaci\u00f3n, en el peri\u00f3dico temimos por su integridad:<br \/>\npens\u00e1bamos que los antidisturbios pod\u00edan confundirle con alg\u00fan alborotador y<br \/>\nacabaran sob\u00e1ndole el lomo. Pero no fue as\u00ed. &#8216;El Flaco&#8217; aparenta bastantes<br \/>\nmenos a\u00f1os de los que tiene y viste de manera muy informal, aunque si se le<br \/>\nhace notar esa circunstancia, lo niega con una frase de etiqueta: \u00abYo lo que<br \/>\nsoy es un t\u00edo elegante\u00bb. Empresario (nocturno) a tiempo parcial y fot\u00f3grafo a<br \/>\ntiempo completo, sus inquietudes le empujan a experimentar con las nuevas<br \/>\ntecnolog\u00edas y el dise\u00f1o. En ocasiones muestra su opini\u00f3n con frases tan<br \/>\nescu\u00e1lidas como \u00e9l, y sentencia: \u00abEsto es cosa fina\u00bb. Seguro que no se pone<br \/>\naf\u00f3nico por dar discursos.<\/font><\/p>\n<p><font face=\"Times New Roman\" size=\"4\">La<br \/>\npasada semana fue al Centro Penitenciario de C\u00e1ceres para hacer unas fotos. En<br \/>\nvez de desplazarse en moto, como hace habitualmente, decidi\u00f3 tomar un taxi.<br \/>\nCuando pas\u00f3 por la Redacci\u00f3n<br \/>\nno daba cr\u00e9dito a lo que le hab\u00eda sucedido. El taxista, que le vio subirse al<br \/>\ncoche con los pantalones ra\u00eddos y la melena con gre\u00f1as, trat\u00f3 de mostrarse<br \/>\namable y buscar un tema de conversaci\u00f3n: \u00abY qu\u00e9 amigo, con unos d\u00edas de<br \/>\npermiso, \u00bfno?\u00bb. &#8216;El Flaco&#8217; contest\u00f3 al taxista: \u00abNo, no&#8230; Oiga, que yo soy<br \/>\nfot\u00f3grafo y voy a trabajar\u00bb. Al principio se empez\u00f3 a re\u00edr pensando en la cara<br \/>\nque pondr\u00edan sus amigos cuando contase la an\u00e9cdota. Despu\u00e9s, reflexion\u00f3 un<br \/>\ninstante sobre la importancia de las apariencias y no dio m\u00e1s vueltas al asunto<br \/>\ndici\u00e9ndose para s\u00ed: \u00abYo lo que soy es un t\u00edo elegante. Y cosa fina\u00bb.<\/font><\/p>\n<!-- AddThis Advanced Settings generic via filter on the_content --><!-- AddThis Share Buttons generic via filter on the_content -->","protected":false},"excerpt":{"rendered":"<p>Es m\u00e1s flaco que la sombra de Joaqu\u00edn Sabina. Le gustan Andy Warhol y las fotos de Cartier-Bresson. No se le conocen enemigos, y sus amigos le envidian el aire de joven Casanova que \u00e9l niega con humildad, como hacen todos los caballeros seductores que son donjuanes involuntarios. La primera vez que acudi\u00f3 a cubrir [&hellip;]<!-- AddThis Advanced Settings generic via filter on get_the_excerpt --><!-- AddThis Share Buttons generic via filter on get_the_excerpt --><\/p>\n","protected":false},"author":13,"featured_media":0,"comment_status":"open","ping_status":"closed","sticky":false,"template":"","format":"standard","meta":[],"categories":[2],"tags":[],"_links":{"self":[{"href":"https:\/\/blogs.hoy.es\/Juandomingofernandez\/wp-json\/wp\/v2\/posts\/86"}],"collection":[{"href":"https:\/\/blogs.hoy.es\/Juandomingofernandez\/wp-json\/wp\/v2\/posts"}],"about":[{"href":"https:\/\/blogs.hoy.es\/Juandomingofernandez\/wp-json\/wp\/v2\/types\/post"}],"author":[{"embeddable":true,"href":"https:\/\/blogs.hoy.es\/Juandomingofernandez\/wp-json\/wp\/v2\/users\/13"}],"replies":[{"embeddable":true,"href":"https:\/\/blogs.hoy.es\/Juandomingofernandez\/wp-json\/wp\/v2\/comments?post=86"}],"version-history":[{"count":0,"href":"https:\/\/blogs.hoy.es\/Juandomingofernandez\/wp-json\/wp\/v2\/posts\/86\/revisions"}],"wp:attachment":[{"href":"https:\/\/blogs.hoy.es\/Juandomingofernandez\/wp-json\/wp\/v2\/media?parent=86"}],"wp:term":[{"taxonomy":"category","embeddable":true,"href":"https:\/\/blogs.hoy.es\/Juandomingofernandez\/wp-json\/wp\/v2\/categories?post=86"},{"taxonomy":"post_tag","embeddable":true,"href":"https:\/\/blogs.hoy.es\/Juandomingofernandez\/wp-json\/wp\/v2\/tags?post=86"}],"curies":[{"name":"wp","href":"https:\/\/api.w.org\/{rel}","templated":true}]}}