{"id":861,"date":"2018-11-01T14:09:53","date_gmt":"2018-11-01T13:09:53","guid":{"rendered":"http:\/\/blogs.hoy.es\/Juandomingofernandez\/?p=861"},"modified":"2018-11-01T14:09:53","modified_gmt":"2018-11-01T13:09:53","slug":"nuestra-educacion-sentimental","status":"publish","type":"post","link":"https:\/\/blogs.hoy.es\/Juandomingofernandez\/2018\/11\/01\/nuestra-educacion-sentimental\/","title":{"rendered":"Nuestra educaci\u00f3n sentimental"},"content":{"rendered":"<p>En el episodio \u2018\u00a1A sangre y fuego!\u2019 de El Capit\u00e1n Trueno, el joven escudero de Trueno pregunta: \u00ab\u00a1Oh, Dios m\u00edo! \u00bfCrees que lograr\u00e1 derribarle, Goliath?\u00bb. Y el forzudo amigo responde: \u00abLo creo, Crisp\u00edn\u2026\u00a1Como que Cristo vencer\u00e1 al fin sobre el Islam! \u00a1Mira!\u00bb, exclama satisfecho al comprobar c\u00f3mo el h\u00e9roe espa\u00f1ol vence en el combate a su rival. Recorriendo la exposici\u00f3n \u2018Historietas del tebeo. 1917-1977\u2019, que acoge hasta primeros de enero la Fundaci\u00f3n Mercedes Calles, uno repara enseguida en que esa literatura popular, sobre todo en los a\u00f1os cincuenta y sesenta del pasado siglo, se vale de un lenguaje que ahora no superar\u00eda la barrera de lo pol\u00edticamente correcto: \u00ab\u00a1Malditos enanos, acabar\u00e9 con vosotros!\u00bb, por no recordar aquel \u00ab\u00a1A m\u00ed, monos de ojos oblicuos!\u00bb, que gritaba el Capit\u00e1n Trueno refiri\u00e9ndose a los guerreros del Tibet donde transcurr\u00eda el episodio.<\/p>\n<p>Aunque en su inigualable \u2018Cr\u00f3nica sentimental de Espa\u00f1a\u2019 anota Manuel V\u00e1zquez Montalb\u00e1n que era \u00abdif\u00edcil sustraerse al clima colectivo de una \u00e9poca\u00bb y que \u00ablos grandes bocadillos de jam\u00f3n aparecen con frecuencia en las historias de Roberto Alc\u00e1zar y Pedr\u00edn (\u2026) el Guerrero del Antifaz estaba m\u00e1s desligado de los bienes de la tierra, m\u00e1s atento a su cruzada nacional contra el moro Motamid y su siniestro hijo Oli\u00e1n\u00bb, para los muchachos que nos adentr\u00e1bamos en la lectura de \u2018El Jabato\u2019, de \u2018El Capit\u00e1n Trueno\u2019, de \u2018Haza\u00f1as b\u00e9licas\u2019 o de los variados protagonistas que poblaban la revista \u2018Pulgarcito\u2019, lo adictivo era la emoci\u00f3n, el humor y la lectura placentera, quiz\u00e1s la m\u00e1s gozosa a la que pod\u00edamos acceder en el para\u00edso de la infancia y la juventud. Personajes m\u00edticos en los que admir\u00e1bamos aparte del car\u00e1cter valeroso y luchador, la excepcionalidad del h\u00e9roe: ese que nunca olvida \u2014como advierte Savater\u2014, cu\u00e1l es su misi\u00f3n, cu\u00e1l es su deber.<\/p>\n<p>Estoy convencido adem\u00e1s de que promov\u00edan la convivencia: en nuestro entusiasmo lector sol\u00edamos intercambiarnos las historietas y apenas terminado de leer el cuaderno de aventuras, buscabas el pr\u00f3ximo mediante una cadena de complicidad y compa\u00f1erismo. \u00abTe presto el \u00faltimo Jabato y t\u00fa me dejas el del Capit\u00e1n Trueno\u00bb. En mi casa estos \u2018tebeos\u2019 fueron tambi\u00e9n el germen de una primera \u2018publicaci\u00f3n\u2019 que ideamos entre los hermanos mayores y en la que inclu\u00edamos noticias dom\u00e9sticas a veces ilustradas con los magn\u00edficos dibujos de Juan Rodr\u00edguez Villar. Historietas inici\u00e1ticas que constitu\u00edan por ejemplo la pasarela a la colecci\u00f3n \u2018Historias Bruguera con 250 ilustraciones\u2019 y supongo que, al igual que otros muchos lectores, la base para revisitar, siquiera con car\u00e1cter nost\u00e1lgico, aquellos entra\u00f1ables cuadernos apaisados que busqu\u00e9 m\u00e1s de un domingo en los puestos del Rastro y en la Cuesta de Moyano incluso en mis a\u00f1os de universidad.<\/p>\n<p>La muestra, que organiza y produce el Museo ABC en colaboraci\u00f3n con la Obra Social de \u2018La Caixa\u2019, est\u00e1 comisariada por Antoni Guiral. Re\u00fane 180 dibujos originales y 120 revistas agrupados con criterio cronol\u00f3gico y tem\u00e1tico. En realidad contiene el ADN de la educaci\u00f3n sentimental y de la literatura popular del \u00faltimo siglo en Espa\u00f1a y creo, sin exageraci\u00f3n, que bien pod\u00eda subtitularse: \u2018Tal como \u00e9ramos\u2019. No se la pierdan.<\/p>\n<!-- AddThis Advanced Settings generic via filter on the_content --><!-- AddThis Share Buttons generic via filter on the_content -->","protected":false},"excerpt":{"rendered":"<p>En el episodio \u2018\u00a1A sangre y fuego!\u2019 de El Capit\u00e1n Trueno, el joven escudero de Trueno pregunta: \u00ab\u00a1Oh, Dios m\u00edo! \u00bfCrees que lograr\u00e1 derribarle, Goliath?\u00bb. Y el forzudo amigo responde: \u00abLo creo, Crisp\u00edn\u2026\u00a1Como que Cristo vencer\u00e1 al fin sobre el Islam! \u00a1Mira!\u00bb, exclama satisfecho al comprobar c\u00f3mo el h\u00e9roe espa\u00f1ol vence en el combate a [&hellip;]<!-- AddThis Advanced Settings generic via filter on get_the_excerpt --><!-- AddThis Share Buttons generic via filter on get_the_excerpt --><\/p>\n","protected":false},"author":13,"featured_media":0,"comment_status":"open","ping_status":"closed","sticky":false,"template":"","format":"standard","meta":[],"categories":[1],"tags":[1688,1681,1684,1683,515,1680,1682,1686,800,1687,1685],"_links":{"self":[{"href":"https:\/\/blogs.hoy.es\/Juandomingofernandez\/wp-json\/wp\/v2\/posts\/861"}],"collection":[{"href":"https:\/\/blogs.hoy.es\/Juandomingofernandez\/wp-json\/wp\/v2\/posts"}],"about":[{"href":"https:\/\/blogs.hoy.es\/Juandomingofernandez\/wp-json\/wp\/v2\/types\/post"}],"author":[{"embeddable":true,"href":"https:\/\/blogs.hoy.es\/Juandomingofernandez\/wp-json\/wp\/v2\/users\/13"}],"replies":[{"embeddable":true,"href":"https:\/\/blogs.hoy.es\/Juandomingofernandez\/wp-json\/wp\/v2\/comments?post=861"}],"version-history":[{"count":1,"href":"https:\/\/blogs.hoy.es\/Juandomingofernandez\/wp-json\/wp\/v2\/posts\/861\/revisions"}],"predecessor-version":[{"id":862,"href":"https:\/\/blogs.hoy.es\/Juandomingofernandez\/wp-json\/wp\/v2\/posts\/861\/revisions\/862"}],"wp:attachment":[{"href":"https:\/\/blogs.hoy.es\/Juandomingofernandez\/wp-json\/wp\/v2\/media?parent=861"}],"wp:term":[{"taxonomy":"category","embeddable":true,"href":"https:\/\/blogs.hoy.es\/Juandomingofernandez\/wp-json\/wp\/v2\/categories?post=861"},{"taxonomy":"post_tag","embeddable":true,"href":"https:\/\/blogs.hoy.es\/Juandomingofernandez\/wp-json\/wp\/v2\/tags?post=861"}],"curies":[{"name":"wp","href":"https:\/\/api.w.org\/{rel}","templated":true}]}}