{"id":865,"date":"2018-11-08T14:30:17","date_gmt":"2018-11-08T13:30:17","guid":{"rendered":"http:\/\/blogs.hoy.es\/Juandomingofernandez\/?p=865"},"modified":"2018-11-08T14:35:00","modified_gmt":"2018-11-08T13:35:00","slug":"la-crisis-y-la-catarsis","status":"publish","type":"post","link":"https:\/\/blogs.hoy.es\/Juandomingofernandez\/2018\/11\/08\/la-crisis-y-la-catarsis\/","title":{"rendered":"La crisis y la catarsis"},"content":{"rendered":"<p>Si la econom\u00eda es, como demuestra la experiencia, un estado de \u00e1nimo, la pol\u00edtica es un estupefaciente; es decir, esa sustancia que nos altera los sentidos, provoca efectos sedantes o sensaci\u00f3n de euforia y puede generar dependencia o adicci\u00f3n. Pero mientras las previsiones en materia econ\u00f3mica constituyen un h\u00edbrido entre lo objetivo y lo azaroso, la pol\u00edtica en nuestros d\u00edas ha ido desprendi\u00e9ndose de su base racional y ha devenido en puro acto de fe, en ese estupefaciente que nos seda ante la realidad cada vez m\u00e1s ingrata o, por el contrario, nos empuja a una euforia militante, entusiasta y artificial.<\/p>\n<p>Tengo la impresi\u00f3n de que por esas dos bocas del t\u00fanel circula la mayor\u00eda: unos, \u2018pasando\u2019 cada vez m\u00e1s del espect\u00e1culo epid\u00e9rmico de la pol\u00edtica, alimentando su indiferencia, su descreimiento y su indignaci\u00f3n, y los otros radicalizando sus posiciones desde una concepci\u00f3n fan\u00e1tica del partidismo y la visi\u00f3n sectaria de la realidad. O est\u00e1s conmigo o est\u00e1s contra m\u00ed. Anteojeras y sal gorda. En vez de an\u00e1lisis, simplificaciones; en vez de opiniones argumentadas y debates, chascarrillos a voleo y t\u00f3picos de argumentario. La impresi\u00f3n es de jaula de grillos o, peor a\u00fan, de di\u00e1logo de sordos.<\/p>\n<p>En medio del apote\u00f3sico trollismo pol\u00edtico \u2014dentro y fuera de las redes sociales\u2014 en Extremadura nos aflige ahora la pen\u00faltima oleada de pesimismo tras el reportaje publicado en \u2018El Pa\u00eds\u2019 con el t\u00edtulo \u2018Extremadura se ahoga\u2019 y un subt\u00edtulo desolador: \u00abM\u00e1s de 400.000 extreme\u00f1os viven solo con 700 euros al mes. 13.000 j\u00f3venes se han marchado en los \u00faltimos cinco a\u00f1os\u00bb. Quiz\u00e1s la sensaci\u00f3n de des\u00e1nimo no se produce por la novedad de los datos, \u2014de sobra conocidos y divulgados por HOY repetidas veces\u2014, sino por el hecho de verlos reflejados en un medio period\u00edstico de \u00e1mbito nacional. La imagen en el espejo. Sin embargo, Extremadura no deber\u00eda caer en una crisis de pesimismo porque vive en ella casi de forma permanente. Lo que tiene que hacer es reaccionar. Si en Espa\u00f1a los desastres de finales del siglo XIX alumbraron una catarsis formidable que aglutin\u00f3 a la Generaci\u00f3n del 98, tal vez en este prolongado declive Extremadura pueda cursar su particular catarsis y romper el c\u00edrculo vicioso caracter\u00edstico de la tierra: despoblaci\u00f3n, envejecimiento y falta de infraestructuras, los tres jinetes del apocalipsis regional.<\/p>\n<p>Por no hablar de otro estrago igual de end\u00e9mico: la ausencia de una firme tradici\u00f3n industrial y empresarial. Lejos del singular ejemplo de los \u2018indianos\u2019, tan habituales en Asturias o en Cantabria, los emigrantes extreme\u00f1os a quienes sonri\u00f3 la fortuna no suelen regresar (con las naturales excepciones, claro est\u00e1) para retomar la actividad en la que triunfaron fuera y contribuir a crear riqueza en la tierra que les vio nacer o donde nacieron sus padres y sus abuelos. Aqu\u00ed los grandes proyectos empresariales est\u00e1n vinculados a personajes admirables que se han batido el cobre y crecido siempre entre nosotros: Alfonso Gallardo, Ricardo Leal, Atanasio Naranjo\u2026 Emprendedores con talento y a la fuerza. \u00bfAs\u00ed que qu\u00e9 es m\u00e1s apremiante: el pez o la ca\u00f1a de pescar?<\/p>\n<!-- AddThis Advanced Settings generic via filter on the_content --><!-- AddThis Share Buttons generic via filter on the_content -->","protected":false},"excerpt":{"rendered":"<p>Si la econom\u00eda es, como demuestra la experiencia, un estado de \u00e1nimo, la pol\u00edtica es un estupefaciente; es decir, esa sustancia que nos altera los sentidos, provoca efectos sedantes o sensaci\u00f3n de euforia y puede generar dependencia o adicci\u00f3n. Pero mientras las previsiones en materia econ\u00f3mica constituyen un h\u00edbrido entre lo objetivo y lo azaroso, [&hellip;]<!-- AddThis Advanced Settings generic via filter on get_the_excerpt --><!-- AddThis Share Buttons generic via filter on get_the_excerpt --><\/p>\n","protected":false},"author":13,"featured_media":0,"comment_status":"open","ping_status":"closed","sticky":false,"template":"","format":"standard","meta":[],"categories":[1],"tags":[1690,1692,330,371,1689,456,991,1015,1691],"_links":{"self":[{"href":"https:\/\/blogs.hoy.es\/Juandomingofernandez\/wp-json\/wp\/v2\/posts\/865"}],"collection":[{"href":"https:\/\/blogs.hoy.es\/Juandomingofernandez\/wp-json\/wp\/v2\/posts"}],"about":[{"href":"https:\/\/blogs.hoy.es\/Juandomingofernandez\/wp-json\/wp\/v2\/types\/post"}],"author":[{"embeddable":true,"href":"https:\/\/blogs.hoy.es\/Juandomingofernandez\/wp-json\/wp\/v2\/users\/13"}],"replies":[{"embeddable":true,"href":"https:\/\/blogs.hoy.es\/Juandomingofernandez\/wp-json\/wp\/v2\/comments?post=865"}],"version-history":[{"count":2,"href":"https:\/\/blogs.hoy.es\/Juandomingofernandez\/wp-json\/wp\/v2\/posts\/865\/revisions"}],"predecessor-version":[{"id":867,"href":"https:\/\/blogs.hoy.es\/Juandomingofernandez\/wp-json\/wp\/v2\/posts\/865\/revisions\/867"}],"wp:attachment":[{"href":"https:\/\/blogs.hoy.es\/Juandomingofernandez\/wp-json\/wp\/v2\/media?parent=865"}],"wp:term":[{"taxonomy":"category","embeddable":true,"href":"https:\/\/blogs.hoy.es\/Juandomingofernandez\/wp-json\/wp\/v2\/categories?post=865"},{"taxonomy":"post_tag","embeddable":true,"href":"https:\/\/blogs.hoy.es\/Juandomingofernandez\/wp-json\/wp\/v2\/tags?post=865"}],"curies":[{"name":"wp","href":"https:\/\/api.w.org\/{rel}","templated":true}]}}