{"id":87,"date":"2007-09-26T23:33:17","date_gmt":"2007-09-26T23:33:17","guid":{"rendered":"http:\/\/blogs.hoy.es\/Juandomingofernandez\/?p=87"},"modified":"2007-09-26T23:33:17","modified_gmt":"2007-09-26T23:33:17","slug":"el-miedo-del-violador","status":"publish","type":"post","link":"https:\/\/blogs.hoy.es\/Juandomingofernandez\/2007\/09\/26\/el-miedo-del-violador\/","title":{"rendered":"El miedo del violador"},"content":{"rendered":"<p class=\"MsoNormal\"><font face=\"Times New Roman\" size=\"4\">El psic\u00f3logo de la prisi\u00f3n me dej\u00f3 solo<br \/>\nen una celda que ten\u00eda una mesa y dos sillas. Se fue y a los pocos minutos<br \/>\nvolvi\u00f3 con uno de los presos que cumpl\u00eda condena por violaci\u00f3n. Yo estaba<br \/>\npreparando un reportaje sobre las violaciones, el delito que suscita m\u00e1s odio y<br \/>\npavor en la sociedad. Contaba ya con el testimonio de los expertos jur\u00eddicos,<br \/>\nde los forenses y hab\u00eda sido testigo del cataclismo que aniquilaba a las<br \/>\nv\u00edctimas.<\/font><\/p>\n<p class=\"MsoNormal\"><font face=\"Times New Roman\" size=\"4\">Entre el violador y yo s\u00f3lo se interpon\u00eda<br \/>\nla gravedad de la celda, la peque\u00f1a mesa de madera y un magnet\u00f3fono Uher en el<br \/>\nque grababa la conversaci\u00f3n; sin incluir una cierta prevenci\u00f3n que hab\u00eda<br \/>\ntratado de disolver un rato antes al interesarme por la &#8216;agresividad&#8217; de aquel<br \/>\nfulano. \u00ab\u00bfAgresivo? No, no; tan solo es agresivo con mujeres indefensas\u00bb, dijo<br \/>\nel psic\u00f3logo.<\/font><\/p>\n<p class=\"MsoNormal\"><font face=\"Times New Roman\" size=\"4\">A pesar de su expresi\u00f3n idiota, yo no<br \/>\nsoltaba el micr\u00f3fono del Uher, que sosten\u00eda como una posible arma de<br \/>\nautodefensa. Recuerdo que a la hora de hablar de los hechos por los que estaba<br \/>\nall\u00ed preso, el violador se refugiaba en justificaciones exculpatorias del tipo<br \/>\n\u00abllevaba tiempo provoc\u00e1ndome\u00bb o \u00abella en realidad quer\u00eda estar conmigo\u00bb.<br \/>\nMantuvo una actitud fr\u00eda, sin asomo de culpa, como el que describe una acci\u00f3n<br \/>\nfruto del azar. <\/font><\/p>\n<p class=\"MsoNormal\"><font face=\"Times New Roman\" size=\"4\">En un momento de la entrevista le coment\u00e9<br \/>\nque en otros pa\u00edses se planteaba la posibilidad de que los condenados por<br \/>\nviolaci\u00f3n redimieran parte de los a\u00f1os de pena a cambio de someterse<br \/>\nvoluntariamente a una castraci\u00f3n. \u00ab\u00bfAceptar\u00eda que le castraran para salir<br \/>\ndefinitivamente de la c\u00e1rcel y quedar en libertad?\u00bb. S\u00f3lo al escuchar esa<br \/>\npregunta, que se abri\u00f3 ante \u00e9l como una amenaza incontrolada, su rostro cambi\u00f3<br \/>\nla mueca de frialdad balbuceante por el miedo que alimenta una fuerza<br \/>\nimprevista. Acaso la misma mirada, pens\u00e9, que \u00e9l hab\u00eda despertado al agredir a<br \/>\nsus propias v\u00edctimas.<\/font><\/p>\n<!-- AddThis Advanced Settings generic via filter on the_content --><!-- AddThis Share Buttons generic via filter on the_content -->","protected":false},"excerpt":{"rendered":"<p>El psic\u00f3logo de la prisi\u00f3n me dej\u00f3 solo en una celda que ten\u00eda una mesa y dos sillas. Se fue y a los pocos minutos volvi\u00f3 con uno de los presos que cumpl\u00eda condena por violaci\u00f3n. Yo estaba preparando un reportaje sobre las violaciones, el delito que suscita m\u00e1s odio y pavor en la sociedad. [&hellip;]<!-- AddThis Advanced Settings generic via filter on get_the_excerpt --><!-- AddThis Share Buttons generic via filter on get_the_excerpt --><\/p>\n","protected":false},"author":13,"featured_media":0,"comment_status":"open","ping_status":"closed","sticky":false,"template":"","format":"standard","meta":[],"categories":[2],"tags":[],"_links":{"self":[{"href":"https:\/\/blogs.hoy.es\/Juandomingofernandez\/wp-json\/wp\/v2\/posts\/87"}],"collection":[{"href":"https:\/\/blogs.hoy.es\/Juandomingofernandez\/wp-json\/wp\/v2\/posts"}],"about":[{"href":"https:\/\/blogs.hoy.es\/Juandomingofernandez\/wp-json\/wp\/v2\/types\/post"}],"author":[{"embeddable":true,"href":"https:\/\/blogs.hoy.es\/Juandomingofernandez\/wp-json\/wp\/v2\/users\/13"}],"replies":[{"embeddable":true,"href":"https:\/\/blogs.hoy.es\/Juandomingofernandez\/wp-json\/wp\/v2\/comments?post=87"}],"version-history":[{"count":0,"href":"https:\/\/blogs.hoy.es\/Juandomingofernandez\/wp-json\/wp\/v2\/posts\/87\/revisions"}],"wp:attachment":[{"href":"https:\/\/blogs.hoy.es\/Juandomingofernandez\/wp-json\/wp\/v2\/media?parent=87"}],"wp:term":[{"taxonomy":"category","embeddable":true,"href":"https:\/\/blogs.hoy.es\/Juandomingofernandez\/wp-json\/wp\/v2\/categories?post=87"},{"taxonomy":"post_tag","embeddable":true,"href":"https:\/\/blogs.hoy.es\/Juandomingofernandez\/wp-json\/wp\/v2\/tags?post=87"}],"curies":[{"name":"wp","href":"https:\/\/api.w.org\/{rel}","templated":true}]}}