{"id":875,"date":"2018-11-29T14:06:39","date_gmt":"2018-11-29T13:06:39","guid":{"rendered":"http:\/\/blogs.hoy.es\/Juandomingofernandez\/?p=875"},"modified":"2018-11-29T14:06:39","modified_gmt":"2018-11-29T13:06:39","slug":"el-arte-por-los-suelos","status":"publish","type":"post","link":"https:\/\/blogs.hoy.es\/Juandomingofernandez\/2018\/11\/29\/el-arte-por-los-suelos\/","title":{"rendered":"El arte por los suelos"},"content":{"rendered":"<p>A primeros de noviembre robaron en la ermita de la localidad pacense de Arroyo de San Serv\u00e1n, la imagen de su patrona, la Virgen de Perales, las figuras de los m\u00e1rtires San Serv\u00e1n y San Germ\u00e1n, as\u00ed como dos cuadros y unas medallas expuestas para el rezo. Fueron unos cazadores quienes se percataron del robo, al ver los cuadros tirados por el suelo, y esta semana ha sido un cazador precisamente quien ha descubierto cerca de un arroyo las <a href=\"https:\/\/www.hoy.es\/prov-badajoz\/aparece-junto-arroyo-20181125120700-nt.html\">tallas robadas<\/a> de la Virgen de Perales y de los santos citados, todas ellas, al parecer, sin excesivo valor econ\u00f3mico pero con un notable valor sentimental para los vecinos de Arroyo de San Serv\u00e1n.<\/p>\n<p>Esta noticia me produce sentimientos encontrados. En primer lugar me entristece por lo que tiene de ataque al patrimonio religioso, cultural y art\u00edstico. M\u00e1s a\u00fan cuando, seg\u00fan informa este peri\u00f3dico, alguien se hab\u00eda llevado no hace mucho tiempo de dicha ermita la campana y los candelabros\u2026 Me entristece tambi\u00e9n porque no se trata siquiera de robos donde anide el \u2018factor art\u00edstico\u2019 y el inter\u00e9s econ\u00f3mico que caracterizaron el robo de piezas famosas como el \u2018C\u00f3dice Calixtino\u2019, esa joya medieval custodiada en la catedral de Santiago de Compostela, o las miles de obras de arte g\u00f3tico y rom\u00e1nico que confiesa haber robado Erik el Belga, el famoso ladr\u00f3n de arte sacro, por toda Europa.<\/p>\n<p>Me alegro por los vecinos de Arroyo de San Serv\u00e1n, pues si bien es cierto que han sufrido el dolor de ver c\u00f3mo causan destrozos y roban figuras de un templo que no est\u00e1 abierto al culto de manera permanente, estar\u00e1n satisfechos de saber que las im\u00e1genes han sido recuperadas y adem\u00e1s van a ser restauradas con cargo a la cooperativa que lleva el nombre de la patrona del pueblo.<\/p>\n<p>De la an\u00e9cdota a la categor\u00eda. Supongo que tras la \u2018modernizaci\u00f3n\u2019 de algunos templos durante los a\u00f1os sesenta del pasado siglo \u2013acaso buscando una supuesta funcionalidad\u2013 se desmontaron viejos retablos y se \u2018deriv\u00f3\u2019 hacia anticuarios y chamarileros un n\u00famero ingente de piezas de arte religioso. No hay mal que por bien no venga. Quiz\u00e1s tras aquella nebulosa \u2018desamortizaci\u00f3n\u2019, el patrimonio con posibilidades reales de ser expoliado en Espa\u00f1a resulte ahora bastante menor. En Espa\u00f1a, en Extremadura y en cualquier sitio donde sea posible robar, para malvender, desde el cobre de los tendidos el\u00e9ctricos hasta las campanas, los candelabros o los crucifijos de las tumbas en el cementerio\u2026<\/p>\n<p>Qu\u00e9 alejados estos episodios del robo en la ermita de Perales de la historia de <a href=\"https:\/\/es.wikipedia.org\/wiki\/St%C3%A9phane_Breitwieser\">Stephane Breitwieser<\/a>, aquel joven alsaciano que en 1995 comenz\u00f3 a robar en museos, castillos, residencias particulares, salas de subastas de arte y que no fue detenido hasta 2001. Considerado un \u00abcoleccionista enfermizo\u00bb \u2013no robaba para vender\u2013 actu\u00f3 en siete pa\u00edses: Francia, Alemania, B\u00e9lgica, Luxemburgo, Dinamarca, Holanda y Suiza. Atesor\u00f3 obras de Cranach, de Brueghel, de Watteau\u2026 \u00bfLo extraordinario? La madre del joven alsaciano, contrariada por la detenci\u00f3n de su hijo y para eliminar pruebas, destruy\u00f3 las obras o las tir\u00f3 a un canal. Las p\u00e9rdidas se calculan que superaron los mil millones de euros.<\/p>\n<!-- AddThis Advanced Settings generic via filter on the_content --><!-- AddThis Share Buttons generic via filter on the_content -->","protected":false},"excerpt":{"rendered":"<p>A primeros de noviembre robaron en la ermita de la localidad pacense de Arroyo de San Serv\u00e1n, la imagen de su patrona, la Virgen de Perales, las figuras de los m\u00e1rtires San Serv\u00e1n y San Germ\u00e1n, as\u00ed como dos cuadros y unas medallas expuestas para el rezo. Fueron unos cazadores quienes se percataron del robo, [&hellip;]<!-- AddThis Advanced Settings generic via filter on get_the_excerpt --><!-- AddThis Share Buttons generic via filter on get_the_excerpt --><\/p>\n","protected":false},"author":13,"featured_media":0,"comment_status":"open","ping_status":"closed","sticky":false,"template":"","format":"standard","meta":[],"categories":[1],"tags":[1704,1701,307,1702,1706,1703,1705],"_links":{"self":[{"href":"https:\/\/blogs.hoy.es\/Juandomingofernandez\/wp-json\/wp\/v2\/posts\/875"}],"collection":[{"href":"https:\/\/blogs.hoy.es\/Juandomingofernandez\/wp-json\/wp\/v2\/posts"}],"about":[{"href":"https:\/\/blogs.hoy.es\/Juandomingofernandez\/wp-json\/wp\/v2\/types\/post"}],"author":[{"embeddable":true,"href":"https:\/\/blogs.hoy.es\/Juandomingofernandez\/wp-json\/wp\/v2\/users\/13"}],"replies":[{"embeddable":true,"href":"https:\/\/blogs.hoy.es\/Juandomingofernandez\/wp-json\/wp\/v2\/comments?post=875"}],"version-history":[{"count":1,"href":"https:\/\/blogs.hoy.es\/Juandomingofernandez\/wp-json\/wp\/v2\/posts\/875\/revisions"}],"predecessor-version":[{"id":876,"href":"https:\/\/blogs.hoy.es\/Juandomingofernandez\/wp-json\/wp\/v2\/posts\/875\/revisions\/876"}],"wp:attachment":[{"href":"https:\/\/blogs.hoy.es\/Juandomingofernandez\/wp-json\/wp\/v2\/media?parent=875"}],"wp:term":[{"taxonomy":"category","embeddable":true,"href":"https:\/\/blogs.hoy.es\/Juandomingofernandez\/wp-json\/wp\/v2\/categories?post=875"},{"taxonomy":"post_tag","embeddable":true,"href":"https:\/\/blogs.hoy.es\/Juandomingofernandez\/wp-json\/wp\/v2\/tags?post=875"}],"curies":[{"name":"wp","href":"https:\/\/api.w.org\/{rel}","templated":true}]}}