{"id":877,"date":"2018-12-06T14:06:03","date_gmt":"2018-12-06T13:06:03","guid":{"rendered":"http:\/\/blogs.hoy.es\/Juandomingofernandez\/?p=877"},"modified":"2018-12-06T14:06:03","modified_gmt":"2018-12-06T13:06:03","slug":"a-ella-fervorosamente","status":"publish","type":"post","link":"https:\/\/blogs.hoy.es\/Juandomingofernandez\/2018\/12\/06\/a-ella-fervorosamente\/","title":{"rendered":"A ella, fervorosamente"},"content":{"rendered":"<p>Mira hacia atr\u00e1s y no ve una fecha en el calendario, sino una sucesi\u00f3n de acontecimientos que culminan con el voto, en urnas relucientes, un mi\u00e9rcoles, 6 de diciembre, de hace justamente 40 a\u00f1os. Atr\u00e1s quedaban ya aquel \u2018Libertad sin ira\u2019 del grupo Jarcha, verdadera banda sonora de una Espa\u00f1a que se desperezaba y el \u2018Habla, pueblo, habla\u2019 como sinton\u00eda oficial de la campa\u00f1a para el refer\u00e9ndum de la ley de Reforma Pol\u00edtica. Apenas hab\u00edan transcurrido tres a\u00f1os de la muerte de Franco y hasta aquella Espa\u00f1a con la que nos conmovi\u00f3 Basilio Mart\u00edn Patino en \u2018Canciones para despu\u00e9s de una guerra\u2019 se present\u00eda ya fenecida y firmante de todos los armisticios. Poco a poco se hab\u00edan despejado las indecisiones acerca de \u2018ruptura\u2019 o \u2018reforma\u2019 y hasta las pintadas de signo \u2018subversivo\u2019: \u00abS\u00ed, S\u00ed, Dolores a Madrid\u00bb o \u00abMuerte al cerdo de Carrillo\u00bb, eran acotadas con desenfado \u00e1crata: \u00abS\u00eds\u00ed, emperatriz\u00bb o \u00abCuidado, Carrillo, quieren matarte <em>el<\/em> cerdo\u00bb.<\/p>\n<p>Solo el terrorismo parec\u00eda empe\u00f1ado en abortar un proceso de modernizaci\u00f3n pol\u00edtica al que se lleg\u00f3 mediante negociaciones, consenso y tras una amnist\u00eda general que fijaba, generosamente, el punto de partida para construir un futuro com\u00fan en paz y en libertad.<\/p>\n<p>As\u00ed que mira hacia atr\u00e1s y se reconoce en aquel joven que compatibiliza su trabajo en una revista con los estudios en la Facultad de Ciencias de la Informaci\u00f3n, entonces un edificio a\u00fan sin acabar. Se reconoce en aquel joven que ha visto c\u00f3mo en la Gran V\u00eda de Madrid era obligado por los \u2018grises\u2019 a separarse de la persona con que paseaba un 1\u00ba de Mayo por el solo hecho de llevar bajo el brazo un determinado peri\u00f3dico&#8230; Del dolor ante la brutalidad de la \u2018matanza de Atocha\u2019 y la multitudinaria manifestaci\u00f3n durante el entierro.<\/p>\n<p>Un ayer donde empezaban a proliferar los primeros \u2018multicines\u2019, los VIP y el \u2018drugstore\u2019 de la calle Fuencarral, en que se pod\u00eda adquirir desde las primeras ediciones de los peri\u00f3dicos hasta bebidas y tabaco de madrugada. Una \u00e9poca con manifestaciones pol\u00edticas, sindicales o vecinales casi diarias, cuando las pel\u00edculas denominadas \u2018de destape\u2019 fueron dando paso a las salas \u2018X\u2019 y pasaban de moda los pantalones campana. Un ayer que adem\u00e1s de quedar recogido en c\u00e1maras de fotos empezaba a registrar con tomavistas de super 8 las vacaciones y la memoria familiar.<\/p>\n<p>Mira hacia atr\u00e1s y piensa que la efem\u00e9ride de la que hoy se cumplen, precisamente, 40 a\u00f1os, constituye para \u00e9l adem\u00e1s de un hito pol\u00edtico, una frontera sentimental, pues justo ese d\u00eda conoci\u00f3 a quien habr\u00eda de ser desde aquel momento el centro de su vida. Tan es as\u00ed que muchas veces ha bromeado con el esp\u00edritu \u2018constitucional\u2019 del v\u00ednculo que les une y el car\u00e1cter de amuleto que debe poseer para amparar su duraci\u00f3n. Por eso hoy se permite esta licencia personal, esta digresi\u00f3n \u00edntima. A los pocos d\u00edas de aquel refer\u00e9ndum le escribi\u00f3 en dos viejos cuadernos pautados una apasionada declaraci\u00f3n de amor que ahora, 40 a\u00f1os despu\u00e9s, ella a veces relee secretamente mientras \u00e9l se hace el distra\u00eddo, disimula y sonr\u00ede pensando en 1978.<\/p>\n<!-- AddThis Advanced Settings generic via filter on the_content --><!-- AddThis Share Buttons generic via filter on the_content -->","protected":false},"excerpt":{"rendered":"<p>Mira hacia atr\u00e1s y no ve una fecha en el calendario, sino una sucesi\u00f3n de acontecimientos que culminan con el voto, en urnas relucientes, un mi\u00e9rcoles, 6 de diciembre, de hace justamente 40 a\u00f1os. Atr\u00e1s quedaban ya aquel \u2018Libertad sin ira\u2019 del grupo Jarcha, verdadera banda sonora de una Espa\u00f1a que se desperezaba y el [&hellip;]<!-- AddThis Advanced Settings generic via filter on get_the_excerpt --><!-- AddThis Share Buttons generic via filter on get_the_excerpt --><\/p>\n","protected":false},"author":13,"featured_media":0,"comment_status":"open","ping_status":"closed","sticky":false,"template":"","format":"standard","meta":[],"categories":[1],"tags":[277,284,319,422,1707,1015,1048,1281],"_links":{"self":[{"href":"https:\/\/blogs.hoy.es\/Juandomingofernandez\/wp-json\/wp\/v2\/posts\/877"}],"collection":[{"href":"https:\/\/blogs.hoy.es\/Juandomingofernandez\/wp-json\/wp\/v2\/posts"}],"about":[{"href":"https:\/\/blogs.hoy.es\/Juandomingofernandez\/wp-json\/wp\/v2\/types\/post"}],"author":[{"embeddable":true,"href":"https:\/\/blogs.hoy.es\/Juandomingofernandez\/wp-json\/wp\/v2\/users\/13"}],"replies":[{"embeddable":true,"href":"https:\/\/blogs.hoy.es\/Juandomingofernandez\/wp-json\/wp\/v2\/comments?post=877"}],"version-history":[{"count":1,"href":"https:\/\/blogs.hoy.es\/Juandomingofernandez\/wp-json\/wp\/v2\/posts\/877\/revisions"}],"predecessor-version":[{"id":878,"href":"https:\/\/blogs.hoy.es\/Juandomingofernandez\/wp-json\/wp\/v2\/posts\/877\/revisions\/878"}],"wp:attachment":[{"href":"https:\/\/blogs.hoy.es\/Juandomingofernandez\/wp-json\/wp\/v2\/media?parent=877"}],"wp:term":[{"taxonomy":"category","embeddable":true,"href":"https:\/\/blogs.hoy.es\/Juandomingofernandez\/wp-json\/wp\/v2\/categories?post=877"},{"taxonomy":"post_tag","embeddable":true,"href":"https:\/\/blogs.hoy.es\/Juandomingofernandez\/wp-json\/wp\/v2\/tags?post=877"}],"curies":[{"name":"wp","href":"https:\/\/api.w.org\/{rel}","templated":true}]}}