{"id":881,"date":"2018-12-20T12:58:25","date_gmt":"2018-12-20T11:58:25","guid":{"rendered":"http:\/\/blogs.hoy.es\/Juandomingofernandez\/?p=881"},"modified":"2018-12-20T12:58:25","modified_gmt":"2018-12-20T11:58:25","slug":"un-libro-de-150-periodistas","status":"publish","type":"post","link":"https:\/\/blogs.hoy.es\/Juandomingofernandez\/2018\/12\/20\/un-libro-de-150-periodistas\/","title":{"rendered":"Un libro de 150 periodistas"},"content":{"rendered":"<p>Esta semana he tenido la suerte de participar, en la sede de la Real Sociedad Econ\u00f3mica Extreme\u00f1a de Amigos del Pa\u00eds de Badajoz, en la presentaci\u00f3n de un libro muy recomendable: <a href=\"https:\/\/teofilocomunicacion.com\/portfolio\/los-perioditas-estabamos-alli-contarlo\">\u2018Los periodistas est\u00e1bamos all\u00ed para contarlo\u2019<\/a>, que re\u00fane el testimonio de 150 periodistas y fotoperiodistas especialmente vinculados a la etapa de la Transici\u00f3n pol\u00edtica y al \u00faltimo medio siglo de la historia de Espa\u00f1a. Coordinado entre otros por Fernando J\u00e1uregui, constituye un mosaico de vivencias y reflexiones en torno a aquel pa\u00eds que trataba de pasar p\u00e1gina a cuarenta a\u00f1os de franquismo y se dispon\u00eda a abrir las ventanas bajo una Constituci\u00f3n fruto del consenso y de la concordia nacional.<\/p>\n<p>Algunos de los testimonios recrean aspectos relativos a la propia transformaci\u00f3n que se viv\u00eda en la prensa y en la radio de entonces, pugnando por la v\u00eda democr\u00e1tica. Otros recuerdan la figura decisiva de Torcuato Fern\u00e1ndez Miranda y el acceso sorpresivo de Adolfo Su\u00e1rez a la presidencia del Gobierno; la llegada de Santiago Carrillo y la legalizaci\u00f3n del Partido Comunista de Espa\u00f1a o la imprevisible y laber\u00edntica tarea de tejer los acuerdos del texto constitucional. Bastantes de los testimonios resumen tambi\u00e9n las vicisitudes y peripecias vividas por los periodistas y los diputados durante el 23-F y la toma del Congreso por Tejero.<\/p>\n<p>Dice Rosa Chacel en su novela \u2018La sinraz\u00f3n\u2019 que \u00abrecordar al detalle los hechos del pasado es frecuente; lo dif\u00edcil es recordar c\u00f3mo era en aquel tiempo el que recuerda ahora\u00bb. Yo acud\u00ed durante mi intervenci\u00f3n en la Econ\u00f3mica a esa cita de la escritora<br \/>\n\u2013esposa del extreme\u00f1o Timoteo P\u00e9rez Rubio\u2013 porque entre los testimonios recogidos en \u2018Los periodistas est\u00e1bamos all\u00ed para contarlo\u2019 algunos no solo rescatan la pincelada del dato, acaso simplemente anecd\u00f3tico, sino que trenzan su reflexi\u00f3n con el oro del tiempo; es decir, contextualizando los hechos y recreando la atm\u00f3sfera que dota de valor y autenticidad a los acontecimientos. M\u00e1s que un fotograma, un relato.<\/p>\n<p>En ese sentido me parece digno de elogio el momento que reconstruye Soledad Gallego-D\u00edaz cuando un 13 de julio de 1977 Dolores Ib\u00e1rruri, de 82 a\u00f1os de edad, baja las escaleras del hemiciclo ayudada por Rafael Alberti y entre quienes miran la escena est\u00e1 Leopoldo Calvo Sotelo, diputado de UCD y sobrino de Jos\u00e9 Calvo Sotelo, asesinado a tiros otro 13 de julio, en 1936. \u00abLeopoldo ten\u00eda entonces 10 a\u00f1os de edad\u00bb, escribe Sol Gallego-D\u00edaz \u00aby seguramente comprendi\u00f3 bien lo que pasaba en su casa. Pocas horas antes de su asesinato, Dolores Ib\u00e1rruri, exaltada oradora, hab\u00eda respondido a Calvo Sotelo: \u201cEste es el \u00faltimo discurso que pronuncia usted en esta c\u00e1mara\u201d. Pasionaria neg\u00f3 siempre haber tenido nada que ver con aquella muerte, pero Leopoldo Calvo Sotelo deb\u00eda conocer las acusaciones de su familia. Y all\u00ed estaba, mirando la escena con mucha m\u00e1s curiosidad que otra cosa\u00bb. Admirable, asimismo, el texto del periodista extreme\u00f1o Manuel Soriano, y la fotograf\u00eda que lo ilustra, sobre los intentos del nacionalismo vasco tratando de imponer en la Carta Magna otro estatus especial para Euskadi. O los testimonios relativos al valor de Fernando Abril y Alfonso Guerra como \u2018verdaderos\u2019 Padres de la Constituci\u00f3n entre bambalinas. En fin, casi 500 p\u00e1ginas que ayudan a comprender la historia de Espa\u00f1a.<\/p>\n<!-- AddThis Advanced Settings generic via filter on the_content --><!-- AddThis Share Buttons generic via filter on the_content -->","protected":false},"excerpt":{"rendered":"<p>Esta semana he tenido la suerte de participar, en la sede de la Real Sociedad Econ\u00f3mica Extreme\u00f1a de Amigos del Pa\u00eds de Badajoz, en la presentaci\u00f3n de un libro muy recomendable: \u2018Los periodistas est\u00e1bamos all\u00ed para contarlo\u2019, que re\u00fane el testimonio de 150 periodistas y fotoperiodistas especialmente vinculados a la etapa de la Transici\u00f3n pol\u00edtica [&hellip;]<!-- AddThis Advanced Settings generic via filter on get_the_excerpt --><!-- AddThis Share Buttons generic via filter on get_the_excerpt --><\/p>\n","protected":false},"author":13,"featured_media":0,"comment_status":"open","ping_status":"closed","sticky":false,"template":"","format":"standard","meta":[],"categories":[1],"tags":[1710,1487,1716,422,1718,1713,1715,1717,1719,1714,1711,1205,1712,1282],"_links":{"self":[{"href":"https:\/\/blogs.hoy.es\/Juandomingofernandez\/wp-json\/wp\/v2\/posts\/881"}],"collection":[{"href":"https:\/\/blogs.hoy.es\/Juandomingofernandez\/wp-json\/wp\/v2\/posts"}],"about":[{"href":"https:\/\/blogs.hoy.es\/Juandomingofernandez\/wp-json\/wp\/v2\/types\/post"}],"author":[{"embeddable":true,"href":"https:\/\/blogs.hoy.es\/Juandomingofernandez\/wp-json\/wp\/v2\/users\/13"}],"replies":[{"embeddable":true,"href":"https:\/\/blogs.hoy.es\/Juandomingofernandez\/wp-json\/wp\/v2\/comments?post=881"}],"version-history":[{"count":1,"href":"https:\/\/blogs.hoy.es\/Juandomingofernandez\/wp-json\/wp\/v2\/posts\/881\/revisions"}],"predecessor-version":[{"id":882,"href":"https:\/\/blogs.hoy.es\/Juandomingofernandez\/wp-json\/wp\/v2\/posts\/881\/revisions\/882"}],"wp:attachment":[{"href":"https:\/\/blogs.hoy.es\/Juandomingofernandez\/wp-json\/wp\/v2\/media?parent=881"}],"wp:term":[{"taxonomy":"category","embeddable":true,"href":"https:\/\/blogs.hoy.es\/Juandomingofernandez\/wp-json\/wp\/v2\/categories?post=881"},{"taxonomy":"post_tag","embeddable":true,"href":"https:\/\/blogs.hoy.es\/Juandomingofernandez\/wp-json\/wp\/v2\/tags?post=881"}],"curies":[{"name":"wp","href":"https:\/\/api.w.org\/{rel}","templated":true}]}}