{"id":885,"date":"2019-01-03T13:53:01","date_gmt":"2019-01-03T12:53:01","guid":{"rendered":"http:\/\/blogs.hoy.es\/Juandomingofernandez\/?p=885"},"modified":"2019-01-03T13:55:28","modified_gmt":"2019-01-03T12:55:28","slug":"el-tren-chamizo-y-gabriel-y-galan","status":"publish","type":"post","link":"https:\/\/blogs.hoy.es\/Juandomingofernandez\/2019\/01\/03\/el-tren-chamizo-y-gabriel-y-galan\/","title":{"rendered":"El tren, Chamizo y Gabriel y Gal\u00e1n"},"content":{"rendered":"<p>El domingo, 6 de enero, se cumplen 114 a\u00f1os de la muerte de Jos\u00e9 Mar\u00eda Gabriel y Gal\u00e1n y con ese motivo, como ocurre desde hace d\u00e9cadas, la Asociaci\u00f3n Cultural Amigos de la estatua del poeta en el Paseo de C\u00e1novas, de C\u00e1ceres, le organiza un homenaje que incluye lecturas de sus poemas y de quienes deseen intervenir. Al margen de valoraciones estrictamente literarias, yo creo que Gabriel y Gal\u00e1n es un poeta que perdura en la memoria de muchas generaciones de espa\u00f1oles y de hablantes de espa\u00f1ol. \u00bfQu\u00e9 mejor prueba de que su obra se grab\u00f3 \u2013como la piedra que se lanza al estanque y produce ondas\u2013 en la memoria de Jorge Luis Borges o de Gabriel Garc\u00eda M\u00e1rquez? Aqu\u00ed he recordado alguna otra vez el encuentro en el palacio de la Zarzuela de Madrid del autor de \u2018El Aleph\u2019 con Jos\u00e9 Miguel Santiago Castelo, quien tras un rato de conversaci\u00f3n y confesarle al genio argentino, interesado en su acento, que era de Extremadura, Borges comenz\u00f3 a recitarle \u2018El Ama\u2019, que se sab\u00eda de memoria. \u00abLa aprend\u00ed entera, sabe usted, all\u00e1 en la Argentina, cuando era ni\u00f1o\u00bb, le explic\u00f3 a Castelo. O aquella an\u00e9cdota, contada por el periodista Juan Cruz, en la que recuerda a Garc\u00eda M\u00e1rquez hablando incansable y recitando \u2018El Cristu Benditu\u2019.<\/p>\n<p>As\u00ed que al hilo de la conmemoraci\u00f3n anual ante su estatua en el Paseo de C\u00e1novas, yo pensaba glosar la figura de un poeta como Gabriel y Gal\u00e1n, que fue admirado por los intelectuales de su \u00e9poca y sobre todo por gentes que se acercaban a su poes\u00eda y la le\u00edan (o escuchaban, pues muchos de ellos no sab\u00edan leer) con emoci\u00f3n nada impostada. Como el que escucha una m\u00fasica familiar, \u00edntima, honda, que te llega al coraz\u00f3n. Yo pensaba aludir a Miguel de Unamuno y a Miguel Hern\u00e1ndez y hasta al bueno de don Antonio Machado, alert\u00e1ndonos acerca de aquellos \u00abpedantones al pa\u00f1o \/<br \/>\nque miran, callan, y piensan \/ que saben, porque no beben \/ el vino de las tabernas\u00bb\u2026<\/p>\n<p>As\u00ed que yo pensaba hablar de Gabriel y Gal\u00e1n y su poes\u00eda, pero ocurre que Extremadura inaugura el a\u00f1o nuevo con el pen\u00faltimo <a href=\"https:\/\/www.hoy.es\/extremadura\/junta-llama-inutiles-20190103230538-nt.html\">agravio ferroviario<\/a>, otro incidente del llamado \u2018tren de la verg\u00fcenza\u2019 que nos separa del resto de Espa\u00f1a, y m\u00e1s que en Gabriel y Gal\u00e1n pienso en Luis Chamizo y \u2018El miaj\u00f3n de los cast\u00faos\u2019, porque ni aquellos versos que abren su conocida rapsodia: \u00abCorre\u2019l tren retumbando por \/ los jierros \/ de la v\u00eda\u00bb se cumplen ya. Ni siquiera los sucesores de aquel tren decimon\u00f3nico (con v\u00edas y traviesas, justamente, del siglo XIX) son capaces de \u00abcorre\u2019l\u00bb retumbando; se aver\u00edan y no avanzan. Verg\u00fcenza e indignaci\u00f3n. A pesar de vivir en el siglo XXI, en vez de trasladar personas, ese tren acumula retrasos ominosos, impide enlazar con otros transportes y obliga a m\u00e1s de ciento cincuenta viajeros a permanecer a oscuras, a cuatro grados, en mitad del campo y la desesperaci\u00f3n. Una realidad insoportable. Ese tren se desplaza por un t\u00fanel del tiempo que no viaja al futuro, sino al ayer. Verg\u00fcenza. Verg\u00fcenza. Verg\u00fcenza para Espa\u00f1a entera.<\/p>\n<!-- AddThis Advanced Settings generic via filter on the_content --><!-- AddThis Share Buttons generic via filter on the_content -->","protected":false},"excerpt":{"rendered":"<p>El domingo, 6 de enero, se cumplen 114 a\u00f1os de la muerte de Jos\u00e9 Mar\u00eda Gabriel y Gal\u00e1n y con ese motivo, como ocurre desde hace d\u00e9cadas, la Asociaci\u00f3n Cultural Amigos de la estatua del poeta en el Paseo de C\u00e1novas, de C\u00e1ceres, le organiza un homenaje que incluye lecturas de sus poemas y de [&hellip;]<!-- AddThis Advanced Settings generic via filter on get_the_excerpt --><!-- AddThis Share Buttons generic via filter on get_the_excerpt --><\/p>\n","protected":false},"author":13,"featured_media":0,"comment_status":"open","ping_status":"closed","sticky":false,"template":"","format":"standard","meta":[],"categories":[1],"tags":[1727,371,456,520,677,1725,1726,1723,1724,1207,1722],"_links":{"self":[{"href":"https:\/\/blogs.hoy.es\/Juandomingofernandez\/wp-json\/wp\/v2\/posts\/885"}],"collection":[{"href":"https:\/\/blogs.hoy.es\/Juandomingofernandez\/wp-json\/wp\/v2\/posts"}],"about":[{"href":"https:\/\/blogs.hoy.es\/Juandomingofernandez\/wp-json\/wp\/v2\/types\/post"}],"author":[{"embeddable":true,"href":"https:\/\/blogs.hoy.es\/Juandomingofernandez\/wp-json\/wp\/v2\/users\/13"}],"replies":[{"embeddable":true,"href":"https:\/\/blogs.hoy.es\/Juandomingofernandez\/wp-json\/wp\/v2\/comments?post=885"}],"version-history":[{"count":2,"href":"https:\/\/blogs.hoy.es\/Juandomingofernandez\/wp-json\/wp\/v2\/posts\/885\/revisions"}],"predecessor-version":[{"id":887,"href":"https:\/\/blogs.hoy.es\/Juandomingofernandez\/wp-json\/wp\/v2\/posts\/885\/revisions\/887"}],"wp:attachment":[{"href":"https:\/\/blogs.hoy.es\/Juandomingofernandez\/wp-json\/wp\/v2\/media?parent=885"}],"wp:term":[{"taxonomy":"category","embeddable":true,"href":"https:\/\/blogs.hoy.es\/Juandomingofernandez\/wp-json\/wp\/v2\/categories?post=885"},{"taxonomy":"post_tag","embeddable":true,"href":"https:\/\/blogs.hoy.es\/Juandomingofernandez\/wp-json\/wp\/v2\/tags?post=885"}],"curies":[{"name":"wp","href":"https:\/\/api.w.org\/{rel}","templated":true}]}}