{"id":891,"date":"2019-01-17T12:55:27","date_gmt":"2019-01-17T11:55:27","guid":{"rendered":"http:\/\/blogs.hoy.es\/Juandomingofernandez\/?p=891"},"modified":"2019-01-17T12:55:27","modified_gmt":"2019-01-17T11:55:27","slug":"torra-y-el-tigre-de-camba","status":"publish","type":"post","link":"https:\/\/blogs.hoy.es\/Juandomingofernandez\/2019\/01\/17\/torra-y-el-tigre-de-camba\/","title":{"rendered":"Torra y el tigre de Camba"},"content":{"rendered":"<p>Dice un proverbio jud\u00edo que \u00abcon una mentira suele irse muy lejos, pero sin esperanza de volver\u00bb. Y no pienso ahora en las promesas del AVE y del tren digno para Extremadura. Las \u2018mentiras\u2019 a que me refiero tienen que ver con el \u2018brexit\u2019 fallido tras el refer\u00e9ndum trapacero de 2016, aquella consulta plagada desde el origen de falsedades, manipulaci\u00f3n y malentendidos. Enredados en el laberinto de sus propias contradicciones, lo dif\u00edcil para Reino Unido ser\u00e1 encontrar billete para el viaje de vuelta. Regresar a una estaci\u00f3n menos deteriorada de la que partieron.<\/p>\n<p>Creo que enfrentamos estos d\u00edas otras dos \u2018realidades\u2019 a las que cabe aplicar el viejo proverbio jud\u00edo sobre las r\u00e9moras que acarrean las mentiras: el intento de tergiversar los efectos devastadores de la violencia machista en Espa\u00f1a y la machacona campa\u00f1a del separatismo catal\u00e1n para obviar que el \u2018proc\u00e9s\u2019 y todas las iniciativas en contra de la legalidad en que se amparan el Estatut y la Constituci\u00f3n son un intento de \u2018golpe de Estado\u2019, adem\u00e1s de un ataque, que no puede quedar impune, a la convivencia democr\u00e1tica de un pa\u00eds miembro de la Uni\u00f3n Europea.<\/p>\n<p>El juez Joaquim Bosch public\u00f3 el pasado lunes en su cuenta de Twitter, citando fuentes del INE y del Registro Central para la Protecci\u00f3n de las V\u00edctimas de la Violencia Dom\u00e9stica y de G\u00e9nero, unos <a href=\"https:\/\/twitter.com\/JoaquimBoschGra\">pocos datos<\/a> que remiten a la contundencia de las cifras, no a las meras opiniones. Respecto a la violencia de g\u00e9nero en el \u00e1mbito familiar (de hombres contra sus parejas) representa el 83% del total. El 17% restante corresponde a violencia dom\u00e9stica (contra hermanos, padres, hijos y maridos). \u00abQuerer que todo sea dom\u00e9stica y suprimir la violencia machista, es buscar esconderla, como pasaba antes\u00bb, concluye Joaquim Bosch.<\/p>\n<p>La contumacia del separatismo pasa por internacionalizar el problema<br \/>\n\u2013Torra de nuevo en Estados Unidos\u2013, buscando <a href=\"https:\/\/www.abc.es\/espana\/abci-torra-viaje-washington-para-denigrar-otra-espana-201901150821_noticia.html\">denigrar<\/a> la imagen de <a href=\"https:\/\/www.abc.es\/espana\/abci-consul-espanol-deja-evidencia-torra-estados-unidos-respetar-leyes-201901161031_noticia.html\">Espa\u00f1a<\/a>. La cansina cantinela. Hace m\u00e1s de un siglo, en 1917, contaba Julio Camba que a ra\u00edz de un art\u00edculo donde dec\u00eda que los catalanes hablan el castellano con acento\u2026 hab\u00eda recibido cartas de particulares y en prensa atac\u00e1ndole con insultos de tres tipos: zool\u00f3gicos (reptil, hiena, cuervo, chacal, cocodrilo, vampiro); patol\u00f3gicos (lepra devoradora, sarna nacional, virus morboso) y varios (est\u00fapido, ignorante, chusma, ralea, inmundo, Quijote (sic), ser in\u00fatil, horda, ladr\u00f3n, melifluo, almibarado, raza de decadencia, fermento de antepasados, hip\u00f3crita, cabezota, grosero\u2026). En algunos se anticipa ya esa obsesi\u00f3n de Torra por el ADN y el supremacismo de campanario. Camba, claro est\u00e1, ni se inmut\u00f3. Al contrario, les regal\u00f3 su ingenio e inteligencia: \u00abEstamos muy cerca del Mediod\u00eda de Francia, tierra de Tartar\u00edn. La luz es deslumbradora; la imaginaci\u00f3n es fecunda. Un conejo, visto a cierta distancia, puede parecer un tigre. Un escritor de peri\u00f3dicos puede resultar un Ner\u00f3n\u2026 Hay algo de tartarinesco en esto de atribuirle una intenci\u00f3n de hiena a la menor broma que se haga sobre Catalu\u00f1a. En el fondo, los catalanes saben muy bien que yo no soy hiena ni chacal, y si me dirigen ep\u00edtetos tan formidables, no es para darme importancia a m\u00ed, sino para d\u00e1rsela a ellos mismos\u00bb.<\/p>\n<!-- AddThis Advanced Settings generic via filter on the_content --><!-- AddThis Share Buttons generic via filter on the_content -->","protected":false},"excerpt":{"rendered":"<p>Dice un proverbio jud\u00edo que \u00abcon una mentira suele irse muy lejos, pero sin esperanza de volver\u00bb. Y no pienso ahora en las promesas del AVE y del tren digno para Extremadura. Las \u2018mentiras\u2019 a que me refiero tienen que ver con el \u2018brexit\u2019 fallido tras el refer\u00e9ndum trapacero de 2016, aquella consulta plagada desde [&hellip;]<!-- AddThis Advanced Settings generic via filter on get_the_excerpt --><!-- AddThis Share Buttons generic via filter on get_the_excerpt --><\/p>\n","protected":false},"author":13,"featured_media":0,"comment_status":"open","ping_status":"closed","sticky":false,"template":"","format":"standard","meta":[],"categories":[1],"tags":[1400,1508,205,319,422,448,1729,717,790,1496,1094,1640],"_links":{"self":[{"href":"https:\/\/blogs.hoy.es\/Juandomingofernandez\/wp-json\/wp\/v2\/posts\/891"}],"collection":[{"href":"https:\/\/blogs.hoy.es\/Juandomingofernandez\/wp-json\/wp\/v2\/posts"}],"about":[{"href":"https:\/\/blogs.hoy.es\/Juandomingofernandez\/wp-json\/wp\/v2\/types\/post"}],"author":[{"embeddable":true,"href":"https:\/\/blogs.hoy.es\/Juandomingofernandez\/wp-json\/wp\/v2\/users\/13"}],"replies":[{"embeddable":true,"href":"https:\/\/blogs.hoy.es\/Juandomingofernandez\/wp-json\/wp\/v2\/comments?post=891"}],"version-history":[{"count":1,"href":"https:\/\/blogs.hoy.es\/Juandomingofernandez\/wp-json\/wp\/v2\/posts\/891\/revisions"}],"predecessor-version":[{"id":892,"href":"https:\/\/blogs.hoy.es\/Juandomingofernandez\/wp-json\/wp\/v2\/posts\/891\/revisions\/892"}],"wp:attachment":[{"href":"https:\/\/blogs.hoy.es\/Juandomingofernandez\/wp-json\/wp\/v2\/media?parent=891"}],"wp:term":[{"taxonomy":"category","embeddable":true,"href":"https:\/\/blogs.hoy.es\/Juandomingofernandez\/wp-json\/wp\/v2\/categories?post=891"},{"taxonomy":"post_tag","embeddable":true,"href":"https:\/\/blogs.hoy.es\/Juandomingofernandez\/wp-json\/wp\/v2\/tags?post=891"}],"curies":[{"name":"wp","href":"https:\/\/api.w.org\/{rel}","templated":true}]}}