{"id":900,"date":"2019-02-14T09:31:20","date_gmt":"2019-02-14T08:31:20","guid":{"rendered":"http:\/\/blogs.hoy.es\/Juandomingofernandez\/?p=900"},"modified":"2019-02-14T09:32:40","modified_gmt":"2019-02-14T08:32:40","slug":"del-cafe-al-consumo-digital-masivo","status":"publish","type":"post","link":"https:\/\/blogs.hoy.es\/Juandomingofernandez\/2019\/02\/14\/del-cafe-al-consumo-digital-masivo\/","title":{"rendered":"Del caf\u00e9 al consumo digital masivo"},"content":{"rendered":"<p>En su art\u00edculo \u2018Tres sociedades\u2019, publicado en 1959, tres a\u00f1os antes de su muerte, sostiene Julio Camba que, mientras el franc\u00e9s se iba al campo todos los domingos, el ingl\u00e9s se quedaba en casa y el espa\u00f1ol se met\u00eda en el caf\u00e9, a pesar de existir estad\u00edsticas que probaban que tras el regreso del campo y del caf\u00e9, el parisiense y el madrile\u00f1o \u00abse encontraban m\u00e1s fatigados el domingo que cualquier d\u00eda de la semana de vuelta del trabajo\u00bb. En el breve tratado de costumbrismo e iron\u00eda de aquel art\u00edculo Camba regalaba al lector alguna otra revolera, por ejemplo: que el espa\u00f1ol, que sigue siendo en el fondo de su alma un hombre de caf\u00e9, \u00abse encuentra con que de repente le han birlado los caf\u00e9s y no tiene donde meterse\u00bb.<\/p>\n<p>Desconozco cu\u00e1l era la situaci\u00f3n de nuestra hosteler\u00eda en 1959 para que formulara tal lamento. \u00bfQuiz\u00e1s el \u2018desarrollismo\u2019 de los primeros Seat 600 contribuyeron a promover las salidas familiares al campo y a restar clientela a los caf\u00e9s? En el caso de Espa\u00f1a, desde luego, lo primero que sorprender\u00eda a Camba si ahora tuviera que volver a escribir sobre el asunto, es que el tiempo de descanso no se limita tan solo al domingo sino que ocupa por fortuna el fin de semana. O mejor, el \u2018finde\u2019, como se conoce coloquialmente ese periodo que abarca desde las tres de la tarde del viernes hasta las jornadas del s\u00e1bado y del domingo completas.<\/p>\n<p>Qu\u00e9 tiempos aquellos en que la cuesti\u00f3n a dilucidar eran las formas predominantes del ocio dominguero, no el ocio vinculado a la sociedad digital y a la globalizaci\u00f3n, donde la gente en vez de encerrarse en sus casas y no hacer nada, se dedica a machacarse con la bicicleta (est\u00e1tica o de monta\u00f1a) y al \u00abvisionado bul\u00edmico de series televisivas\u00bb, caracter\u00edstico, seg\u00fan el pensador surcoreano Byung-Chul Han, de nuestro consumo medi\u00e1tico y de nuestro \u2018modo\u2019 de percepci\u00f3n dominante. <a href=\"https:\/\/www.elmundo.es\/papel\/lideres\/2019\/02\/12\/5c61612721efa007428b45b0.html\">Byung-Chul Han<\/a>, autor del libro \u2018Buen entretenimiento\u2019 (Herder Editorial) reconoce en una entrevista en \u2018El Mundo\u2019 el potencial emancipador del medio digital, al tiempo que nos previene sobre ciertos riesgos de las redes sociales: \u00abLa comunicaci\u00f3n digital es a menudo muy emocional. Twitter ha resultado ser un medio emocional. Permite descargar inmediatamente las emociones. La pol\u00edtica que se basa en \u00e9l es una pol\u00edtica emocional, que ya no es pol\u00edtica en sentido propio. Trump no gobierna: tuitea\u00bb, concluye.<\/p>\n<p>Pienso en el riesgo que entra\u00f1a la uni\u00f3n de esos dos factores a los que se refiere el fil\u00f3sofo surcoreano: el consumo bul\u00edmico de series televisivas y las \u2018apoteosis\u2019 emocionales que se multiplicar\u00e1n, como bombas de racimo, al amparo de las redes sociales. M\u00e1s a\u00fan cuando dicho \u2018consumo masivo\u2019 en vez de estar centrado en series televisivas, afecte directamente a temas de actualidad: digamos las pr\u00f3ximas campa\u00f1as electorales o el juicio a los pol\u00edticos procesados por el 1-O, retransmitido en directo como una realidad virtual que se entremezcla de forma paralela y simult\u00e1nea con millones de tuits y juicios de valor en Internet durante varios meses. Una coctelera con un batido imprevisible y qui\u00e9n sabe si nutritivo o t\u00f3xico.<\/p>\n<!-- AddThis Advanced Settings generic via filter on the_content --><!-- AddThis Share Buttons generic via filter on the_content -->","protected":false},"excerpt":{"rendered":"<p>En su art\u00edculo \u2018Tres sociedades\u2019, publicado en 1959, tres a\u00f1os antes de su muerte, sostiene Julio Camba que, mientras el franc\u00e9s se iba al campo todos los domingos, el ingl\u00e9s se quedaba en casa y el espa\u00f1ol se met\u00eda en el caf\u00e9, a pesar de existir estad\u00edsticas que probaban que tras el regreso del campo [&hellip;]<!-- AddThis Advanced Settings generic via filter on get_the_excerpt --><!-- AddThis Share Buttons generic via filter on get_the_excerpt --><\/p>\n","protected":false},"author":13,"featured_media":0,"comment_status":"open","ping_status":"closed","sticky":false,"template":"","format":"standard","meta":[],"categories":[1],"tags":[1739,307,319,390,422,489,1740,717,1087],"_links":{"self":[{"href":"https:\/\/blogs.hoy.es\/Juandomingofernandez\/wp-json\/wp\/v2\/posts\/900"}],"collection":[{"href":"https:\/\/blogs.hoy.es\/Juandomingofernandez\/wp-json\/wp\/v2\/posts"}],"about":[{"href":"https:\/\/blogs.hoy.es\/Juandomingofernandez\/wp-json\/wp\/v2\/types\/post"}],"author":[{"embeddable":true,"href":"https:\/\/blogs.hoy.es\/Juandomingofernandez\/wp-json\/wp\/v2\/users\/13"}],"replies":[{"embeddable":true,"href":"https:\/\/blogs.hoy.es\/Juandomingofernandez\/wp-json\/wp\/v2\/comments?post=900"}],"version-history":[{"count":1,"href":"https:\/\/blogs.hoy.es\/Juandomingofernandez\/wp-json\/wp\/v2\/posts\/900\/revisions"}],"predecessor-version":[{"id":901,"href":"https:\/\/blogs.hoy.es\/Juandomingofernandez\/wp-json\/wp\/v2\/posts\/900\/revisions\/901"}],"wp:attachment":[{"href":"https:\/\/blogs.hoy.es\/Juandomingofernandez\/wp-json\/wp\/v2\/media?parent=900"}],"wp:term":[{"taxonomy":"category","embeddable":true,"href":"https:\/\/blogs.hoy.es\/Juandomingofernandez\/wp-json\/wp\/v2\/categories?post=900"},{"taxonomy":"post_tag","embeddable":true,"href":"https:\/\/blogs.hoy.es\/Juandomingofernandez\/wp-json\/wp\/v2\/tags?post=900"}],"curies":[{"name":"wp","href":"https:\/\/api.w.org\/{rel}","templated":true}]}}