{"id":907,"date":"2019-02-28T09:21:11","date_gmt":"2019-02-28T08:21:11","guid":{"rendered":"http:\/\/blogs.hoy.es\/Juandomingofernandez\/?p=907"},"modified":"2019-02-28T09:21:11","modified_gmt":"2019-02-28T08:21:11","slug":"el-ritmo-de-la-maquina","status":"publish","type":"post","link":"https:\/\/blogs.hoy.es\/Juandomingofernandez\/2019\/02\/28\/el-ritmo-de-la-maquina\/","title":{"rendered":"El ritmo de la m\u00e1quina"},"content":{"rendered":"<p>Entre las circunstancias de la \u2018modernidad l\u00edquida\u2019 (Bauman) en que habitamos, son muy reconocibles el individualismo, la caducidad de los valores y el ritmo vertiginoso de los cambios. Empezando por la velocidad con que sucumben en la memoria algunos problemas que ayer nos parec\u00edan insalvables y hoy apenas recordamos. Lo vol\u00e1til de los hechos y el ritmo cada vez m\u00e1s acelerado de los acontecimientos que imponen los medios de comunicaci\u00f3n (incluidas las redes sociales) favorecen una \u2018construcci\u00f3n\u2019 laber\u00edntica de la realidad. De tal modo que, para enjuiciar con detalle contenciosos como el \u2018brexit\u2019 o el \u2018proc\u00e9s\u2019, por ejemplo, son precisos miles de datos y estudios tan prolijos que en unos cuantos meses han generado documentaci\u00f3n suficiente para competir, en espacio, con la colecci\u00f3n completa de la Enciclopedia Brit\u00e1nica. Realidades complejas, poli\u00e9dricas y cambiantes. Es una sensaci\u00f3n que entiende muy bien cualquier espectador que siga estos d\u00edas, sin ir m\u00e1s lejos, la retransmisi\u00f3n en directo del juicio por el 1-O en el Tribunal Supremo. Un ovillo del que resulta dif\u00edcil precisar el color y m\u00e1s a\u00fan la punta del hilo, para desenredarlo y tirar de \u00e9l\u2026<\/p>\n<p>No obstante, si hay que acudir a un episodio que ilustre de forma paradigm\u00e1tica el ritmo vertiginoso de los sucesos en nuestra modernidad l\u00edquida, ah\u00ed est\u00e1 el paso de Silvia Clemente desde su condici\u00f3n de expresidenta de las Cortes de Castilla y Le\u00f3n en las filas del PP a su condici\u00f3n de participante en las primarias de Ciudadanos para optar, como independiente con la marca naranja, a la presidencia de la Junta de Castilla y Le\u00f3n. Un giro sin soluci\u00f3n de continuidad. Ayer bajo unas siglas y hoy bajo otras; sin v\u00e9rtigo, en cabeza.<\/p>\n<p>La pol\u00edtica solo es un ejemplo, acaso de los m\u00e1s visibles por la atenci\u00f3n medi\u00e1tica que recibe. Pero la modernidad l\u00edquida, como es sabido, se extiende por todos los \u00e1mbitos de la sociedad. Probablemente la vida de nuestros abuelos estaba pautada por fotograf\u00edas en momentos contados: primera comuni\u00f3n, el paso por la escuela, \u00bftal vez la mili?, la boda\u2026 En nuestros d\u00edas ese pespunteo de im\u00e1genes se ha convertido en una org\u00eda de selfis que en el mejor de los casos pululan en la nube o se perder\u00e1n en la nada digital. Apenas fragmentos que nos permiten descubrir a qu\u00e9 ritmo avanza la m\u00e1quina. En t\u00e9rminos de actualidad, el \u2018caso Cristina Cifuentes\u2019 podr\u00eda parecer algo del siglo pasado, si no fuera porque la Fiscal\u00eda acaba de solicitar para ella tres a\u00f1os y tres meses de prisi\u00f3n por inventarse un m\u00e1ster, por inducir, \u00aba sabiendas\u00bb, la falsificaci\u00f3n del acta que acreditaba haber hecho el trabajo de postgrado. El bucle del tiempo.<\/p>\n<p>Dice Joubert que la memoria \u00abes un espejo que guarda, y guarda para siempre. En \u00e9l no se pierde nada, ni nada se borra. Pero se empa\u00f1a y no se ve nada\u00bb. \u00bfQui\u00e9n se acuerda de Pla? Del pa\u00f1o de la ocultaci\u00f3n y del ninguneo al escritor ampurdan\u00e9s por parte de las instituciones catalanas de su \u00e9poca, <a href=\"https:\/\/www.elespanol.com\/opinion\/tribunas\/20190226\/pla-preso-politico-omnium\/379082090_12.html\">escribe<\/a> esta semana justamente el periodista Santiago Molina Ruiz. Claroscuros pol\u00edtico-culturales. Sospecho que la modernidad l\u00edquida planta a diario un bosque de sombras.<\/p>\n<!-- AddThis Advanced Settings generic via filter on the_content --><!-- AddThis Share Buttons generic via filter on the_content -->","protected":false},"excerpt":{"rendered":"<p>Entre las circunstancias de la \u2018modernidad l\u00edquida\u2019 (Bauman) en que habitamos, son muy reconocibles el individualismo, la caducidad de los valores y el ritmo vertiginoso de los cambios. Empezando por la velocidad con que sucumben en la memoria algunos problemas que ayer nos parec\u00edan insalvables y hoy apenas recordamos. Lo vol\u00e1til de los hechos y [&hellip;]<!-- AddThis Advanced Settings generic via filter on get_the_excerpt --><!-- AddThis Share Buttons generic via filter on get_the_excerpt --><\/p>\n","protected":false},"author":13,"featured_media":0,"comment_status":"open","ping_status":"closed","sticky":false,"template":"","format":"standard","meta":[],"categories":[1],"tags":[1400,1508,1747,1603,319,422,578,697,701,825,829,1015,1748,1746],"_links":{"self":[{"href":"https:\/\/blogs.hoy.es\/Juandomingofernandez\/wp-json\/wp\/v2\/posts\/907"}],"collection":[{"href":"https:\/\/blogs.hoy.es\/Juandomingofernandez\/wp-json\/wp\/v2\/posts"}],"about":[{"href":"https:\/\/blogs.hoy.es\/Juandomingofernandez\/wp-json\/wp\/v2\/types\/post"}],"author":[{"embeddable":true,"href":"https:\/\/blogs.hoy.es\/Juandomingofernandez\/wp-json\/wp\/v2\/users\/13"}],"replies":[{"embeddable":true,"href":"https:\/\/blogs.hoy.es\/Juandomingofernandez\/wp-json\/wp\/v2\/comments?post=907"}],"version-history":[{"count":1,"href":"https:\/\/blogs.hoy.es\/Juandomingofernandez\/wp-json\/wp\/v2\/posts\/907\/revisions"}],"predecessor-version":[{"id":908,"href":"https:\/\/blogs.hoy.es\/Juandomingofernandez\/wp-json\/wp\/v2\/posts\/907\/revisions\/908"}],"wp:attachment":[{"href":"https:\/\/blogs.hoy.es\/Juandomingofernandez\/wp-json\/wp\/v2\/media?parent=907"}],"wp:term":[{"taxonomy":"category","embeddable":true,"href":"https:\/\/blogs.hoy.es\/Juandomingofernandez\/wp-json\/wp\/v2\/categories?post=907"},{"taxonomy":"post_tag","embeddable":true,"href":"https:\/\/blogs.hoy.es\/Juandomingofernandez\/wp-json\/wp\/v2\/tags?post=907"}],"curies":[{"name":"wp","href":"https:\/\/api.w.org\/{rel}","templated":true}]}}