{"id":913,"date":"2019-03-14T09:26:27","date_gmt":"2019-03-14T08:26:27","guid":{"rendered":"http:\/\/blogs.hoy.es\/Juandomingofernandez\/?p=913"},"modified":"2019-03-14T09:26:27","modified_gmt":"2019-03-14T08:26:27","slug":"escenas-de-calle","status":"publish","type":"post","link":"https:\/\/blogs.hoy.es\/Juandomingofernandez\/2019\/03\/14\/escenas-de-calle\/","title":{"rendered":"Escenas de calle"},"content":{"rendered":"<p>Paseo por C\u00e1ceres. Me detengo frente al escaparate de una librer\u00eda y veo que se acerca el viejo profesor Marcelino Cardalliaguet. Como s\u00e9 de su pasi\u00f3n por la historia, le digo de bromas que cuando me paro a mirar libros tras el cristal, me acuerdo de Canalejas, aquel presidente del Gobierno al que descerrajaron tres tiros delante de una librer\u00eda de la Puerta del Sol, en Madrid. Enseguida trae a colaci\u00f3n Cardalliaguet otros magnicidios famosos: el de C\u00e1novas en un balneario de Mondrag\u00f3n, en Guip\u00fazcoa; el de Dato, en la Plaza de la Independencia, en Madrid, o el del general Prim, tras el atentado sufrido en la calle del Turco. \u00abEn fin\u00bb, le comento zumb\u00f3n, \u00abcon estos antecedentes no s\u00e9 si en nuestro pa\u00eds resulta m\u00e1s peligroso ser presidente del Gobierno o pararse en el escaparate de las librer\u00edas\u00bb.<\/p>\n<p>En la calle Pintores me encuentro con Jes\u00fas \u2018Chuchi\u2019 Dom\u00ednguez, durante a\u00f1os director del IES Alag\u00f3n de Coria y antiguo compa\u00f1ero de estudios en la Facultad de Filosof\u00eda y Letras de C\u00e1ceres. Me habla de la preocupaci\u00f3n que embarga a su padre por la gran mortandad de abejas y la posible relaci\u00f3n con el frecuente uso de plaguicidas en el campo, en las medianas de las autov\u00edas y en las cunetas de las carreteras. Jes\u00fas Dom\u00ednguez es amigo personal de Rafael S\u00e1nchez Ferlosio y quien guarda, precisamente, las llaves del antiguo palacio de Alba que la familia del autor de \u2018Alfanhu\u00ed\u2019 posee en Coria. Me comenta que esta semana ha hablado con \u00e9l y no le ha encontrado muy optimista: \u00abYa no s\u00e9 ni escribir, me ha dicho\u00bb. \u00bfY se interesa por el palacio?, le pregunto a Chuchi. \u00abLa \u00faltima vez que vino a su casa, en Coria, ni me pregunt\u00f3. En otra ocasi\u00f3n anterior, lo \u00fanico que me dijo fue: \u00ab\u00bfTodav\u00eda no se ha quemado?\u00bb. La realidad es que el fuego no amenaza al viejo edificio, pero los a\u00f1os lo van deteriorando de forma silenciosa, implacable, con una determinaci\u00f3n fatal.<\/p>\n<p>Sin salir de C\u00e1ceres, yo voy muchas ma\u00f1anas al Cauria, ese caf\u00e9 bar situado en una de las esquinas m\u00e1s transitadas de mi ciudad, y en cuyos dominios, desde hace a\u00f1os, patronea Jose tras la barra. All\u00ed puede ilustrarse uno, mientras desayuna, con la lectura del HOY y de algunos diarios de \u00e1mbito nacional. En Espa\u00f1a, como es sabido, los perennes foros p\u00fablicos son los bares.<\/p>\n<p>\u00ad\u2013\u00abHola Jose, ponme un caf\u00e9\u00bb, dice un cliente que acaba de entrar.<\/p>\n<p>\u2013\u00abNo me llames Jose, dime se\u00f1or, porque Jose puede llamarse cualquiera, pero somos muy pocos a los que nos pueden llamar se\u00f1or\u00bb. Saltan las carcajadas.<\/p>\n<p>Yo creo que el bar es donde la elocuencia y la humanidad le ganan la partida a las redes sociales. La espontaneidad vence al anonimato. Lo que se dice, a la cara. Y que cada palo aguante su vela. Aunque quiz\u00e1s el aut\u00e9ntico valor de estos \u2018templos de la palabra\u2019 radica en que contribuyen, antes que a la crispaci\u00f3n de la Espa\u00f1a oficial, al desenfado de la calle; a ponerle una pizca de color a la vida y a ver la botella medio llena.<\/p>\n<!-- AddThis Advanced Settings generic via filter on the_content --><!-- AddThis Share Buttons generic via filter on the_content -->","protected":false},"excerpt":{"rendered":"<p>Paseo por C\u00e1ceres. Me detengo frente al escaparate de una librer\u00eda y veo que se acerca el viejo profesor Marcelino Cardalliaguet. Como s\u00e9 de su pasi\u00f3n por la historia, le digo de bromas que cuando me paro a mirar libros tras el cristal, me acuerdo de Canalejas, aquel presidente del Gobierno al que descerrajaron tres [&hellip;]<!-- AddThis Advanced Settings generic via filter on get_the_excerpt --><!-- AddThis Share Buttons generic via filter on get_the_excerpt --><\/p>\n","protected":false},"author":13,"featured_media":0,"comment_status":"open","ping_status":"closed","sticky":false,"template":"","format":"standard","meta":[],"categories":[1],"tags":[1753,179,284,422,1751,1752,1070,1087],"_links":{"self":[{"href":"https:\/\/blogs.hoy.es\/Juandomingofernandez\/wp-json\/wp\/v2\/posts\/913"}],"collection":[{"href":"https:\/\/blogs.hoy.es\/Juandomingofernandez\/wp-json\/wp\/v2\/posts"}],"about":[{"href":"https:\/\/blogs.hoy.es\/Juandomingofernandez\/wp-json\/wp\/v2\/types\/post"}],"author":[{"embeddable":true,"href":"https:\/\/blogs.hoy.es\/Juandomingofernandez\/wp-json\/wp\/v2\/users\/13"}],"replies":[{"embeddable":true,"href":"https:\/\/blogs.hoy.es\/Juandomingofernandez\/wp-json\/wp\/v2\/comments?post=913"}],"version-history":[{"count":1,"href":"https:\/\/blogs.hoy.es\/Juandomingofernandez\/wp-json\/wp\/v2\/posts\/913\/revisions"}],"predecessor-version":[{"id":914,"href":"https:\/\/blogs.hoy.es\/Juandomingofernandez\/wp-json\/wp\/v2\/posts\/913\/revisions\/914"}],"wp:attachment":[{"href":"https:\/\/blogs.hoy.es\/Juandomingofernandez\/wp-json\/wp\/v2\/media?parent=913"}],"wp:term":[{"taxonomy":"category","embeddable":true,"href":"https:\/\/blogs.hoy.es\/Juandomingofernandez\/wp-json\/wp\/v2\/categories?post=913"},{"taxonomy":"post_tag","embeddable":true,"href":"https:\/\/blogs.hoy.es\/Juandomingofernandez\/wp-json\/wp\/v2\/tags?post=913"}],"curies":[{"name":"wp","href":"https:\/\/api.w.org\/{rel}","templated":true}]}}