{"id":915,"date":"2019-03-21T11:47:03","date_gmt":"2019-03-21T10:47:03","guid":{"rendered":"http:\/\/blogs.hoy.es\/Juandomingofernandez\/?p=915"},"modified":"2019-03-21T11:47:03","modified_gmt":"2019-03-21T10:47:03","slug":"instinto-de-defensa","status":"publish","type":"post","link":"https:\/\/blogs.hoy.es\/Juandomingofernandez\/2019\/03\/21\/instinto-de-defensa\/","title":{"rendered":"Instinto de defensa"},"content":{"rendered":"<p>Dice el viejo proverbio que \u00abtodos los r\u00edos van al mar, pero el mar no se desborda\u00bb. \u00bfSeguro? Entre las cat\u00e1strofes que anticipa el cambio clim\u00e1tico est\u00e1 precisamente la subida de los oc\u00e9anos en m\u00e1s de ocho cent\u00edmetros en los \u00faltimos 23 a\u00f1os, seg\u00fan un estudio de la agencia espacial estadounidense. Un fen\u00f3meno incontrolado al que contribuye el calentamiento global con el deshielo de los casquetes polares y alguno de cuyos s\u00edntomas \u2018preadolescentes\u2019 \u2013si puede decirse as\u00ed, hablando del clima\u2013 tal vez sean estas primaveras anticipadas y los inviernos escu\u00e1lidos y reacios. Aparte de incrementar la frecuencia de fen\u00f3menos extremos como inundaciones catastr\u00f3ficas y olas de calor muy intensas en lugares desacostumbrados. La noticia mala es que adem\u00e1s de Trump y aquel primo de Rajoy, son legi\u00f3n quienes no creen en el cambio clim\u00e1tico y en sus efectos devastadores. La buena noticia es que algunos j\u00f3venes, tambi\u00e9n en Extremadura, participaron la semana pasada en el movimiento \u2018Viernes por el futuro\u2019 que promueve la estudiante sueca Greta Thunberg en la lucha contra el cambio clim\u00e1tico.<\/p>\n<p>Por supuesto que se trata de un movimiento simb\u00f3lico. Pero en estos tiempos de redes sociales y de aceleraci\u00f3n progresiva de las comunicaciones, ha llegado ya a m\u00e1s de cien pa\u00edses. Y ha movilizado a miles de chavales por todo el mundo. Las dos caras de la globalizaci\u00f3n: los problemas se expanden sin fronteras y, a la par, las posibilidades de concienciaci\u00f3n y lucha contra los retos que surgen. Como en el \u2018Lazarillo\u2019, \u00ablo que te enferm\u00f3, te sana y da salud\u00bb. Trompazo y cura.<\/p>\n<p>A m\u00ed me parece muy relevante esta voluntad de plantarle cara al cambio clim\u00e1tico porque creo que est\u00e1 siendo percibida no como un mero \u2018ecologismo ideol\u00f3gico\u2019, sino como un movimiento espont\u00e1neo, yo dir\u00eda que casi de puro instinto de defensa, que se expande a partir de las protestas de esa joven sueca que decide manifestarse todas las semanas durante su jornada escolar para exigir a la UE que rebaje al menos en un 40% las emisiones de gases de efecto invernadero. Un compromiso de m\u00ednimos. Un movimiento que reclama hechos. Acciones. Medidas apremiantes.<\/p>\n<p>Para esos cientos de miles de adolescentes, los \u2018negros nubarrones\u2019 del futuro no son met\u00e1foras. Son los t\u00e9rminos de una condena que no est\u00e1n dispuestos a aceptar. El pasado mes de febrero, Greta Thunberg intervino en una conferencia del Comit\u00e9 Econ\u00f3mico y Social en Bruselas y advirti\u00f3: \u00abEst\u00e1n desesperados por quitar el foco de la crisis clim\u00e1tica y cambiar de tema. No quieren hablar de ello porque saben que no pueden ganar esta batalla\u00bb, afirm\u00f3. \u00abHan barrido su desastre debajo de la alfombra para que nosotros lo limpiemos\u00bb. Sin embargo, seg\u00fan ella, no cabe esperar a que los j\u00f3venes de ahora tomen el control en el futuro y solucionen el problema. Deben resolverlo ya.<\/p>\n<p>Confieso que al margen de su car\u00e1cter simb\u00f3lico, las reivindicaciones del movimiento \u2018Viernes por el futuro\u2019 me resultan esperanzadoras por su esp\u00edritu comprometido con el instinto de defensa de la humanidad, el instinto de los h\u00e9roes. Un empe\u00f1o que consuela frente a lo gratuito de las bander\u00edas separatistas y frente a la banalidad del populismo de cart\u00f3n piedra.<\/p>\n<!-- AddThis Advanced Settings generic via filter on the_content --><!-- AddThis Share Buttons generic via filter on the_content -->","protected":false},"excerpt":{"rendered":"<p>Dice el viejo proverbio que \u00abtodos los r\u00edos van al mar, pero el mar no se desborda\u00bb. \u00bfSeguro? Entre las cat\u00e1strofes que anticipa el cambio clim\u00e1tico est\u00e1 precisamente la subida de los oc\u00e9anos en m\u00e1s de ocho cent\u00edmetros en los \u00faltimos 23 a\u00f1os, seg\u00fan un estudio de la agencia espacial estadounidense. Un fen\u00f3meno incontrolado al [&hellip;]<!-- AddThis Advanced Settings generic via filter on get_the_excerpt --><!-- AddThis Share Buttons generic via filter on get_the_excerpt --><\/p>\n","protected":false},"author":13,"featured_media":0,"comment_status":"open","ping_status":"closed","sticky":false,"template":"","format":"standard","meta":[],"categories":[1],"tags":[1755,1419,1757,370,538,1754,702,1756,1295],"_links":{"self":[{"href":"https:\/\/blogs.hoy.es\/Juandomingofernandez\/wp-json\/wp\/v2\/posts\/915"}],"collection":[{"href":"https:\/\/blogs.hoy.es\/Juandomingofernandez\/wp-json\/wp\/v2\/posts"}],"about":[{"href":"https:\/\/blogs.hoy.es\/Juandomingofernandez\/wp-json\/wp\/v2\/types\/post"}],"author":[{"embeddable":true,"href":"https:\/\/blogs.hoy.es\/Juandomingofernandez\/wp-json\/wp\/v2\/users\/13"}],"replies":[{"embeddable":true,"href":"https:\/\/blogs.hoy.es\/Juandomingofernandez\/wp-json\/wp\/v2\/comments?post=915"}],"version-history":[{"count":1,"href":"https:\/\/blogs.hoy.es\/Juandomingofernandez\/wp-json\/wp\/v2\/posts\/915\/revisions"}],"predecessor-version":[{"id":916,"href":"https:\/\/blogs.hoy.es\/Juandomingofernandez\/wp-json\/wp\/v2\/posts\/915\/revisions\/916"}],"wp:attachment":[{"href":"https:\/\/blogs.hoy.es\/Juandomingofernandez\/wp-json\/wp\/v2\/media?parent=915"}],"wp:term":[{"taxonomy":"category","embeddable":true,"href":"https:\/\/blogs.hoy.es\/Juandomingofernandez\/wp-json\/wp\/v2\/categories?post=915"},{"taxonomy":"post_tag","embeddable":true,"href":"https:\/\/blogs.hoy.es\/Juandomingofernandez\/wp-json\/wp\/v2\/tags?post=915"}],"curies":[{"name":"wp","href":"https:\/\/api.w.org\/{rel}","templated":true}]}}