{"id":917,"date":"2019-03-28T10:14:11","date_gmt":"2019-03-28T09:14:11","guid":{"rendered":"http:\/\/blogs.hoy.es\/Juandomingofernandez\/?p=917"},"modified":"2019-03-28T10:14:11","modified_gmt":"2019-03-28T09:14:11","slug":"dentro-o-fuera-2","status":"publish","type":"post","link":"https:\/\/blogs.hoy.es\/Juandomingofernandez\/2019\/03\/28\/dentro-o-fuera-2\/","title":{"rendered":"Dentro o fuera"},"content":{"rendered":"<p>Son\u00f3 \u2018craaaaaccc\u2019, como si el engranaje de una caja de cambios se descuajaringara de forma catastr\u00f3fica. Sent\u00ed un relampagueo en el est\u00f3mago y un temblor de piernas incontrolable. Hab\u00eda luz. Pero la sensaci\u00f3n de rebasar un tope y caer al vac\u00edo me dej\u00f3 sin aire. Deb\u00eda de estar a la altura de la s\u00e9ptima planta aunque, para mayor alarma y desconcierto, el visor marcaba la primera. No pod\u00eda ser. Desde que entr\u00e9 y puls\u00e9 el bot\u00f3n hab\u00edan transcurrido varios segundos. Aquel n\u00famero deb\u00eda obedecer a otro fallo, no se correspond\u00eda con la realidad.<\/p>\n<p>Enseguida busqu\u00e9 el m\u00f3vil y, con nervios, acert\u00e9 a seleccionar la opci\u00f3n \u2018tel\u00e9fono\u2019 para llamar al n\u00famero del servicio t\u00e9cnico. Mentalmente calcul\u00e9 el tiempo que podr\u00eda permanecer conectado si el m\u00f3vil se quedaba sin bater\u00eda. A la vez, intentaba recordar las recomendaciones sobre la posici\u00f3n m\u00e1s adecuada para reducir da\u00f1os en caso de que la cabina se precipitase al vac\u00edo. \u00bfSentarse en el suelo, junto a una esquina, o era preferible mantenerse en cuclillas para que la columna vertebral pudiera amortiguarse? Mientras marcaba los n\u00fameros de tel\u00e9fono que figuraban junto a los pulsadores, repar\u00e9 en que el espejo de la cabina pod\u00eda convertirse en un elemento cortante al desprenderse por un choque violento. Lo que faltaba.<\/p>\n<p>Durante un rato que se me hace eterno, el m\u00f3vil suena pero salta una se\u00f1al grabada anunci\u00e1ndome que no pueden atenderme en ese momento porque todos los terminales est\u00e1n ocupados. Marco de nuevo y vuelve a saltar la grabaci\u00f3n. En el otro tel\u00e9fono, tambi\u00e9n. Intento mantener la calma y me sorprendo gratamente al constatar que, por lo menos, no siento claustrofobia.<\/p>\n<p>Quiz\u00e1s para darme \u00e1nimos, tomo de nuevo el m\u00f3vil y me hago una foto de medio cuerpo reflej\u00e1ndome en el espejo. \u00abSi no salgo de esta\u00bb, me digo en voz baja, \u00abver\u00e1n el \u00faltimo selfi que me hice\u00bb. Procuro componer un gesto relajado y una mueca sonriente. Pero nada m\u00e1s pulsar la c\u00e1mara me arrepiento porque al observar la foto, concluyo que la expresi\u00f3n de mi cara no ser\u00eda la m\u00e1s aconsejable para convertirse en imagen postrera\u2026 \u00abMenudo recuerdo, si les dejo este selfi como despedida\u00bb. Lo borro.<\/p>\n<p>Cuando hablo con el t\u00e9cnico, aludo a que he padecido alg\u00fan problema cardiovascular, para que se apresure\u2026 Me tranquiliza con comentarios sobre la seguridad de los ascensores y lo poco que falta para el rescate.<\/p>\n<p>Mientras llega, ya m\u00e1s sereno, pienso en lo que puede cambiarnos la vida en un segundo. \u00abTampoco creo que sea para tanto\u00bb, me digo al reparar en el exceso de solemnidad que atribuyo al episodio. \u00abNo te pongas estupendo\u00bb. As\u00ed que me limito a meditar, mi buen Yorick, sobre la diferente percepci\u00f3n del tiempo seg\u00fan est\u00e9s dentro o fuera de un ascensor averiado en la s\u00e9ptima planta. Cuando llega mi \u2018salvador\u2019, al que casi atropello al salir del cub\u00edculo, tengo claras dos cosas. La primera, que debo contar la experiencia para tranquilidad de asustadizos. Y la segunda, que el episodio va a contribuir sin duda a mejorar mi forma f\u00edsica porque los pr\u00f3ximos d\u00edas no pienso coger el ascensor, ni para subir, ni para bajar. Benditas escaleras.<\/p>\n<!-- AddThis Advanced Settings generic via filter on the_content --><!-- AddThis Share Buttons generic via filter on the_content -->","protected":false},"excerpt":{"rendered":"<p>Son\u00f3 \u2018craaaaaccc\u2019, como si el engranaje de una caja de cambios se descuajaringara de forma catastr\u00f3fica. Sent\u00ed un relampagueo en el est\u00f3mago y un temblor de piernas incontrolable. Hab\u00eda luz. Pero la sensaci\u00f3n de rebasar un tope y caer al vac\u00edo me dej\u00f3 sin aire. Deb\u00eda de estar a la altura de la s\u00e9ptima planta [&hellip;]<!-- AddThis Advanced Settings generic via filter on get_the_excerpt --><!-- AddThis Share Buttons generic via filter on get_the_excerpt --><\/p>\n","protected":false},"author":13,"featured_media":0,"comment_status":"open","ping_status":"closed","sticky":false,"template":"","format":"standard","meta":[],"categories":[1],"tags":[1759,1761,1760,1762,1758,1090],"_links":{"self":[{"href":"https:\/\/blogs.hoy.es\/Juandomingofernandez\/wp-json\/wp\/v2\/posts\/917"}],"collection":[{"href":"https:\/\/blogs.hoy.es\/Juandomingofernandez\/wp-json\/wp\/v2\/posts"}],"about":[{"href":"https:\/\/blogs.hoy.es\/Juandomingofernandez\/wp-json\/wp\/v2\/types\/post"}],"author":[{"embeddable":true,"href":"https:\/\/blogs.hoy.es\/Juandomingofernandez\/wp-json\/wp\/v2\/users\/13"}],"replies":[{"embeddable":true,"href":"https:\/\/blogs.hoy.es\/Juandomingofernandez\/wp-json\/wp\/v2\/comments?post=917"}],"version-history":[{"count":1,"href":"https:\/\/blogs.hoy.es\/Juandomingofernandez\/wp-json\/wp\/v2\/posts\/917\/revisions"}],"predecessor-version":[{"id":918,"href":"https:\/\/blogs.hoy.es\/Juandomingofernandez\/wp-json\/wp\/v2\/posts\/917\/revisions\/918"}],"wp:attachment":[{"href":"https:\/\/blogs.hoy.es\/Juandomingofernandez\/wp-json\/wp\/v2\/media?parent=917"}],"wp:term":[{"taxonomy":"category","embeddable":true,"href":"https:\/\/blogs.hoy.es\/Juandomingofernandez\/wp-json\/wp\/v2\/categories?post=917"},{"taxonomy":"post_tag","embeddable":true,"href":"https:\/\/blogs.hoy.es\/Juandomingofernandez\/wp-json\/wp\/v2\/tags?post=917"}],"curies":[{"name":"wp","href":"https:\/\/api.w.org\/{rel}","templated":true}]}}