{"id":924,"date":"2019-04-11T09:08:54","date_gmt":"2019-04-11T08:08:54","guid":{"rendered":"http:\/\/blogs.hoy.es\/Juandomingofernandez\/?p=924"},"modified":"2019-04-11T09:08:54","modified_gmt":"2019-04-11T08:08:54","slug":"hace-15-anos","status":"publish","type":"post","link":"https:\/\/blogs.hoy.es\/Juandomingofernandez\/2019\/04\/11\/hace-15-anos\/","title":{"rendered":"Hace 15 a\u00f1os"},"content":{"rendered":"<p>Tengo la costumbre de \u2018archivar\u2019 entre las p\u00e1ginas de los libros de mi biblioteca recortes de entrevistas, cartas, rese\u00f1as o cr\u00edticas del autor de la obra de que se trate. Ahora que acaban de cumplirse 15 a\u00f1os de la publicaci\u00f3n de \u2018La semilla en la nieve\u2019, de \u00c1ngel Campos P\u00e1mpano, y se reedita una edici\u00f3n biling\u00fce, espa\u00f1ol-portugu\u00e9s, esta vez en la Editora Regional de Extremadura, aprovecho para releer ese extraordinario libro de poemas y de paso para refrescarme la memoria con la entrevista a su autor que publiqu\u00e9 en las p\u00e1ginas de HOY. Una doble p\u00e1gina que encabezaba el titular: \u00ab\u00c1ngel Campos consagra una conmovedora eleg\u00eda a su madre con el libro \u2018La semilla en la nieve\u2019\u00bb, y la siguiente entradilla: \u00ab<em>\u2018Mientras pueda pensarte \/ no habr\u00e1 olvido\u2019<\/em>. Con esos versos arranca el libro \u2018La semilla en la nieve\u2019, un estremecedor recorrido por la memoria con el que el poeta \u00c1ngel Campos P\u00e1mpano se adentra en el dur\u00edsimo laberinto de los recuerdos de un hijo que vivi\u00f3 casi toda su vida de ni\u00f1o y adolescente entre mujeres (con su madre y su abuela, en su localidad natal, San Vicente de Alc\u00e1ntara) y echando de menos la figura del padre, muerto cuando el autor apenas ten\u00eda cuatro o cinco a\u00f1os. Como un poeta de sensibilidad extraordinaria, \u00c1ngel Campos no se ha limitado a levantar un pante\u00f3n funerario a la memoria de su madre, Paula P\u00e1mpano, a quien dedica el libro, sino que le ha construido un monumento m\u00e1s perdurable que el m\u00e1rmol y las l\u00e1pidas, un monumento levantado sobre veinte columnas: los veinte poemas de \u2018La semilla en la nieve\u2019\u00bb.<\/p>\n<p>Hasta ah\u00ed el primer p\u00e1rrafo de una \u2018recepci\u00f3n period\u00edstica\u2019 de la que ahora, mirando con perspectiva, \u2013perd\u00f3n por la referencia personal\u2013 me siento orgulloso. Entre otras cosas porque m\u00e1s que una entrevista al uso, esas dos p\u00e1ginas inclu\u00edan un poema (\u2018La espera\u2019) que en mi opini\u00f3n resume muy bien el tono del libro, y un recuadro con datos bio-bibliogr\u00e1ficos para perfilar la trayectoria literaria del autor. Creo que el tiempo ha confirmado el valor excepcional de ese conjunto de poemas, no tanto porque al a\u00f1o siguiente de ser publicado, \u00c1ngel Campos recibiese el Premio Extremadura a la Creaci\u00f3n 2005, sino por dos razones que estimo infalibles: inmediatamente de publicarse la entrevista a que me estoy refiriendo, recib\u00ed varias llamadas de lectores interes\u00e1ndose por las librer\u00edas o los puntos de venta en que podr\u00edan adquirir el volumen. \u00a1Un libro de poemas de un autor contempor\u00e1neo! Sin haber desembocado a\u00fan en las redes sociales ni en la parapoes\u00eda. \u00bfLa otra raz\u00f3n? Que basta leer cualquier poema de \u2018La semilla en la nieve\u2019 para percatarse de que condensan una emoci\u00f3n sin fecha de caducidad. Poemas que eluden, precisamente, el sentimentalismo f\u00e1cil o la verbosidad ret\u00f3rica. Palabras que resisten el paso del tiempo.<\/p>\n<p>Quince a\u00f1os despu\u00e9s, la humanidad estremecida que habita esas p\u00e1ginas me transporta a otros libros del autor: \u2018Por aprender del aire\u2019, \u2018La voz en espiral\u2019, \u2018Caligraf\u00edas\u2019, \u2018La ciudad blanca\u2019\u2026 Y tambi\u00e9n al recuerdo de una entrevista a Jos\u00e9 \u00c1ngel Valente y unos pocos juicios, compartidos, acerca de C\u00e9sar Vallejo. Emociones vivas.<\/p>\n<p>&nbsp;<\/p>\n<p>&nbsp;<\/p>\n<!-- AddThis Advanced Settings generic via filter on the_content --><!-- AddThis Share Buttons generic via filter on the_content -->","protected":false},"excerpt":{"rendered":"<p>Tengo la costumbre de \u2018archivar\u2019 entre las p\u00e1ginas de los libros de mi biblioteca recortes de entrevistas, cartas, rese\u00f1as o cr\u00edticas del autor de la obra de que se trate. Ahora que acaban de cumplirse 15 a\u00f1os de la publicaci\u00f3n de \u2018La semilla en la nieve\u2019, de \u00c1ngel Campos P\u00e1mpano, y se reedita una edici\u00f3n [&hellip;]<!-- AddThis Advanced Settings generic via filter on get_the_excerpt --><!-- AddThis Share Buttons generic via filter on get_the_excerpt --><\/p>\n","protected":false},"author":13,"featured_media":0,"comment_status":"open","ping_status":"closed","sticky":false,"template":"","format":"standard","meta":[],"categories":[1],"tags":[1767,222,422,456,681,763,1014,1769,1768],"_links":{"self":[{"href":"https:\/\/blogs.hoy.es\/Juandomingofernandez\/wp-json\/wp\/v2\/posts\/924"}],"collection":[{"href":"https:\/\/blogs.hoy.es\/Juandomingofernandez\/wp-json\/wp\/v2\/posts"}],"about":[{"href":"https:\/\/blogs.hoy.es\/Juandomingofernandez\/wp-json\/wp\/v2\/types\/post"}],"author":[{"embeddable":true,"href":"https:\/\/blogs.hoy.es\/Juandomingofernandez\/wp-json\/wp\/v2\/users\/13"}],"replies":[{"embeddable":true,"href":"https:\/\/blogs.hoy.es\/Juandomingofernandez\/wp-json\/wp\/v2\/comments?post=924"}],"version-history":[{"count":1,"href":"https:\/\/blogs.hoy.es\/Juandomingofernandez\/wp-json\/wp\/v2\/posts\/924\/revisions"}],"predecessor-version":[{"id":925,"href":"https:\/\/blogs.hoy.es\/Juandomingofernandez\/wp-json\/wp\/v2\/posts\/924\/revisions\/925"}],"wp:attachment":[{"href":"https:\/\/blogs.hoy.es\/Juandomingofernandez\/wp-json\/wp\/v2\/media?parent=924"}],"wp:term":[{"taxonomy":"category","embeddable":true,"href":"https:\/\/blogs.hoy.es\/Juandomingofernandez\/wp-json\/wp\/v2\/categories?post=924"},{"taxonomy":"post_tag","embeddable":true,"href":"https:\/\/blogs.hoy.es\/Juandomingofernandez\/wp-json\/wp\/v2\/tags?post=924"}],"curies":[{"name":"wp","href":"https:\/\/api.w.org\/{rel}","templated":true}]}}