{"id":932,"date":"2019-04-18T10:30:08","date_gmt":"2019-04-18T09:30:08","guid":{"rendered":"http:\/\/blogs.hoy.es\/Juandomingofernandez\/?p=932"},"modified":"2019-04-18T13:04:13","modified_gmt":"2019-04-18T12:04:13","slug":"una-mirada-interior","status":"publish","type":"post","link":"https:\/\/blogs.hoy.es\/Juandomingofernandez\/2019\/04\/18\/una-mirada-interior\/","title":{"rendered":"Una mirada interior"},"content":{"rendered":"<p style=\"text-align: left;\">Llevo d\u00edas meditando acerca de conceptos como el valor de la bondad y el valor de la inteligencia. Una tarea asumida de forma espont\u00e1nea, aunque no s\u00e9 bien si es consecuencia de la \u2018atm\u00f3sfera espiritual\u2019 propia de estos d\u00edas de Semana Santa, o de la necesidad de reflexi\u00f3n a que nos abocan las campa\u00f1as electorales. Sea como sea, lo cierto es que unas palabras del antrop\u00f3logo y fil\u00f3sofo Santiago Beruete, entrevistado por Anatxu Zabalbeascoa en \u2018El Pa\u00eds Semanal\u2019, contribuyen de manera precisa a desbrozarme el camino. A la pregunta \u00ab\u00bfEl conocimiento conduce siempre a la buena vida?\u00bb responde Beruete: \u00abCreo que la bondad es un atributo de la inteligencia. Vivimos en una sociedad que asocia bondad a falta de car\u00e1cter. Pero las mejores personas son sabias. Howard Gardner, estudioso de las inteligencias m\u00faltiples, dice que nadie llega a ser excelente en un campo profesional sin ser bueno\u00bb. Hasta ah\u00ed la cita.<br \/>\nSentado ese principio, confieso que me pas\u00e9 un buen rato repasando de memoria episodios de grandes personajes en los que el platillo de la balanza correspondiente a la inteligencia, tal vez pesara bastante m\u00e1s que el platillo de la bondad.<\/p>\n<p style=\"text-align: left;\">Despu\u00e9s descend\u00ed al plano de la vida cotidiana y en un ejercicio apresurado revis\u00e9 casos de personas en los que siempre, siempre, siempre, la inteligencia (o la sabidur\u00eda, acaso m\u00e1s relevante), estaban unidas indisolublemente a la bondad. En todos los sectores. Da igual que se tratara de un profesor universitario, un escritor, el comercial de una empresa, un ingeniero o un arquitecto. Hombres o mujeres. Artistas, cient\u00edficos o menestrales. Gente con una inteligencia natural (a veces muy alejada de la \u2018cultura libresca\u2019) que ha crecido con el sustento de la bondad.<br \/>\nY creo que dos siglos antes que Gardner, ya hab\u00eda llegado a la misma conclusi\u00f3n <a href=\"https:\/\/es.wikipedia.org\/wiki\/Joseph_Joubert\">Joseph <\/a>Joubert, para quien \u00abla extremada bondad\u00bb es caracter\u00edstica propia, la se\u00f1a distintiva de \u00abun verdadero genio\u00bb. De alguien \u00abcasi genial\u00bb, que dec\u00eda Chateaubriand.<br \/>\nLo complicado en nuestros d\u00edas, en la sociedades l\u00edquidas de la modernidad, tal vez sea diferenciar justamente entre lo que se considera excelencia profesional y \u00e9xito. Acerca de esa cuesti\u00f3n reflexiona tambi\u00e9n <a href=\"https:\/\/elpais.com\/elpais\/2019\/04\/08\/eps\/1554729884_149824.html\">Beruete<\/a> en la magn\u00edfica entrevista que firma Anatxu Zabalbeascoa. Un asunto que abord\u00f3 de igual forma mi admirado Joubert a trav\u00e9s de su famosa sentencia: \u00abSi la fortuna quiere hacer estimable a un hombre, le da virtudes. Si quiere hacerlo estimado, le da \u00e9xitos\u00bb. La prueba del nueve.<br \/>\nLlegado a este punto, amable lector, te invito a buscar ejemplos entre tus pr\u00f3ximos para determinar a qu\u00e9 trayectorias personales les encajar\u00eda mejor las etiquetas \u00abadmirado\u00bb o \u00abadmirable\u00bb; \u00abexitoso\u00bb o \u00abapreciable\u00bb. Seguro que te sobran nombres para elaborar una lista. Para m\u00ed, la corona pertenece a la bondad. \u00abUn gramo de bondad vale m\u00e1s que una tonelada de intelecto\u00bb, afirma <a href=\"https:\/\/es.wikipedia.org\/wiki\/Alejandro_Jodorowsky\">Alejandro Jodorowsky<\/a>, ese chileno de origen jud\u00edo- ucraniano que incorpor\u00f3 en los a\u00f1os sesenta al extreme\u00f1o Diego Bard\u00f3n al legendario grupo P\u00e1nico de Fernando Arrabal y Roland Topor. Ignoro si la tarea resulta sugerente para este par\u00e9ntesis de procesiones y campa\u00f1a electoral, pero supongo que nos permitir\u00e1 capear el ruido ambiente y mirar en silencio hacia el interior de uno mismo.<\/p>\n<!-- AddThis Advanced Settings generic via filter on the_content --><!-- AddThis Share Buttons generic via filter on the_content -->","protected":false},"excerpt":{"rendered":"<p>Llevo d\u00edas meditando acerca de conceptos como el valor de la bondad y el valor de la inteligencia. Una tarea asumida de forma espont\u00e1nea, aunque no s\u00e9 bien si es consecuencia de la \u2018atm\u00f3sfera espiritual\u2019 propia de estos d\u00edas de Semana Santa, o de la necesidad de reflexi\u00f3n a que nos abocan las campa\u00f1as electorales. [&hellip;]<!-- AddThis Advanced Settings generic via filter on get_the_excerpt --><!-- AddThis Share Buttons generic via filter on get_the_excerpt --><\/p>\n","protected":false},"author":13,"featured_media":0,"comment_status":"open","ping_status":"closed","sticky":false,"template":"","format":"standard","meta":[],"categories":[1],"tags":[1467,1448,1771,698,1770],"_links":{"self":[{"href":"https:\/\/blogs.hoy.es\/Juandomingofernandez\/wp-json\/wp\/v2\/posts\/932"}],"collection":[{"href":"https:\/\/blogs.hoy.es\/Juandomingofernandez\/wp-json\/wp\/v2\/posts"}],"about":[{"href":"https:\/\/blogs.hoy.es\/Juandomingofernandez\/wp-json\/wp\/v2\/types\/post"}],"author":[{"embeddable":true,"href":"https:\/\/blogs.hoy.es\/Juandomingofernandez\/wp-json\/wp\/v2\/users\/13"}],"replies":[{"embeddable":true,"href":"https:\/\/blogs.hoy.es\/Juandomingofernandez\/wp-json\/wp\/v2\/comments?post=932"}],"version-history":[{"count":9,"href":"https:\/\/blogs.hoy.es\/Juandomingofernandez\/wp-json\/wp\/v2\/posts\/932\/revisions"}],"predecessor-version":[{"id":941,"href":"https:\/\/blogs.hoy.es\/Juandomingofernandez\/wp-json\/wp\/v2\/posts\/932\/revisions\/941"}],"wp:attachment":[{"href":"https:\/\/blogs.hoy.es\/Juandomingofernandez\/wp-json\/wp\/v2\/media?parent=932"}],"wp:term":[{"taxonomy":"category","embeddable":true,"href":"https:\/\/blogs.hoy.es\/Juandomingofernandez\/wp-json\/wp\/v2\/categories?post=932"},{"taxonomy":"post_tag","embeddable":true,"href":"https:\/\/blogs.hoy.es\/Juandomingofernandez\/wp-json\/wp\/v2\/tags?post=932"}],"curies":[{"name":"wp","href":"https:\/\/api.w.org\/{rel}","templated":true}]}}