{"id":942,"date":"2019-04-25T08:22:55","date_gmt":"2019-04-25T07:22:55","guid":{"rendered":"http:\/\/blogs.hoy.es\/Juandomingofernandez\/?p=942"},"modified":"2019-04-25T08:25:43","modified_gmt":"2019-04-25T07:25:43","slug":"los-libros-de-la-vida","status":"publish","type":"post","link":"https:\/\/blogs.hoy.es\/Juandomingofernandez\/2019\/04\/25\/los-libros-de-la-vida\/","title":{"rendered":"Los libros de la vida"},"content":{"rendered":"<p>Si me atuviera al im\u00e1n de las efem\u00e9rides, hoy 25 de abril, cuando se cumplen 45 a\u00f1os de la Revoluci\u00f3n de los Claveles, esta columna tendr\u00eda como banda sonora<a href=\"https:\/\/www.youtube.com\/watch?v=gaLWqy4e7ls\"> \u2018Gr\u00e2ndola, vila morena\u2019<\/a>, y estar\u00eda jalonada de recuerdos juveniles y de esperanzas pol\u00edticas. Si me atuviera a las urgencias de la actualidad, tendr\u00eda que hablar de los debates electorales o incluso de mis \u2018premoniciones\u2019 acerca del 28-A, pero reconozco que ambos asuntos me resultan poco estimulantes, pues albergo m\u00e1s dudas que certidumbres y adem\u00e1s desconozco la letra y la m\u00fasica que arrojar\u00e1n las urnas.<\/p>\n<p>As\u00ed que hoy pienso escribir, mi buen Yorick, de los libros. No porque el martes pasado celebr\u00e1semos esa jornada, sino porque todos los d\u00edas son, sin excepciones, el d\u00eda del libro y de la lectura. En el peque\u00f1o volumen \u2018<a href=\"http:\/\/www.editorialperiferica.com\/index.php?s=catalogo&amp;l=23\">Sobre arte y literatura<\/a>\u2019 que la cacere\u00f1a Editorial Perif\u00e9rica dedic\u00f3 a Joseph Joubert, \u2013ese genio a cuyo rescate tuvo que acudir Chateaubriand\u2013 se lee: \u00abSon pocos los libros que pueden gustarnos toda la vida. Hay algunos de los que nos cansamos con el tiempo, con el saber y con la sensatez\u00bb. Qu\u00e9 verdad tan bien resumida.<\/p>\n<p>Un buen libro es siempre como un buen amigo, pero igual que en la vida cotidiana podemos tener \u2018saludados\u2019, \u2018conocidos\u2019 y \u2018amigos\u2019, probablemente habremos frecuentado libros que se quedan en el escal\u00f3n de los \u2018saludados\u2019 o \u2018conocidos\u2019 sin llegar a superar el list\u00f3n reservado para las obras magnas o las buenas amistades. Cabe la posibilidad, incluso, de que esos buenos amigos \u2013esos buenos libros\u2013 alcanzaran el t\u00edtulo en \u00e9pocas o circunstancias concretas, pero transcurrido el tiempo la excelencia que les atribuimos se haya erosionado en la memoria. En los nidos de anta\u00f1o no hay p\u00e1jaros hoga\u00f1o. Acudo a las palabras de Luis Landero en una de las primeras entrevistas que le hice: \u00abYo fundamentalmente soy un lector y quiz\u00e1s en mis experiencias literarias lo m\u00e1s fuerte fueron las lecturas de mi adolescencia, porque como se lee entonces no se vuelve a leer ya nunca. Como se lee con 15, con 18 o incluso con 20 a\u00f1os no se vuelve a leer ya nunca m\u00e1s\u00bb. La inocencia y la pasi\u00f3n lectoras nos hacen recordar alg\u00fan libro con tanto desasosiego rom\u00e1ntico que preferimos no volver a leerlo para eludir el riesgo de la desilusi\u00f3n.<\/p>\n<p>Supongo que en ocasiones funciona tambi\u00e9n un sentimiento cercano a la superstici\u00f3n. Recuerdo que hace d\u00e9cadas, reci\u00e9n operado mi padre de un c\u00e1ncer de laringe, mientras le acompa\u00f1aba en el hospital comenc\u00e9 a leer \u2018Pantale\u00f3n y las visitadoras\u2019. Por suerte, abandon\u00f3 el centro sanitario antes de que yo acabara de leer el libro, pero a partir de ese instante me result\u00f3 imposible retomarlo, quiz\u00e1s porque me parec\u00eda que era como volver al pasado o quiz\u00e1s porque lo identificaba con momentos de honda inquietud y preocupaci\u00f3n familiar.<\/p>\n<p>La dificultad mayor imagino que debe de ser seleccionar aquellos libros que nos gustan de forma perdurable. Y no porque nos reclamen criterio y juicio duraderos, sino porque comprobarlo nos exigir\u00eda emplear otra vida entera para releer todos los que recordamos, incluidos aquellos del anaquel \u2018saludados\u2019 y \u2018conocidos\u2019. De \u2018Pantale\u00f3n\u2026\u2019, ni hablar.<\/p>\n<!-- AddThis Advanced Settings generic via filter on the_content --><!-- AddThis Share Buttons generic via filter on the_content -->","protected":false},"excerpt":{"rendered":"<p>Si me atuviera al im\u00e1n de las efem\u00e9rides, hoy 25 de abril, cuando se cumplen 45 a\u00f1os de la Revoluci\u00f3n de los Claveles, esta columna tendr\u00eda como banda sonora \u2018Gr\u00e2ndola, vila morena\u2019, y estar\u00eda jalonada de recuerdos juveniles y de esperanzas pol\u00edticas. Si me atuviera a las urgencias de la actualidad, tendr\u00eda que hablar de [&hellip;]<!-- AddThis Advanced Settings generic via filter on get_the_excerpt --><!-- AddThis Share Buttons generic via filter on get_the_excerpt --><\/p>\n","protected":false},"author":13,"featured_media":0,"comment_status":"open","ping_status":"closed","sticky":false,"template":"","format":"standard","meta":[],"categories":[1],"tags":[307,422,1772,698,721,758,778],"_links":{"self":[{"href":"https:\/\/blogs.hoy.es\/Juandomingofernandez\/wp-json\/wp\/v2\/posts\/942"}],"collection":[{"href":"https:\/\/blogs.hoy.es\/Juandomingofernandez\/wp-json\/wp\/v2\/posts"}],"about":[{"href":"https:\/\/blogs.hoy.es\/Juandomingofernandez\/wp-json\/wp\/v2\/types\/post"}],"author":[{"embeddable":true,"href":"https:\/\/blogs.hoy.es\/Juandomingofernandez\/wp-json\/wp\/v2\/users\/13"}],"replies":[{"embeddable":true,"href":"https:\/\/blogs.hoy.es\/Juandomingofernandez\/wp-json\/wp\/v2\/comments?post=942"}],"version-history":[{"count":3,"href":"https:\/\/blogs.hoy.es\/Juandomingofernandez\/wp-json\/wp\/v2\/posts\/942\/revisions"}],"predecessor-version":[{"id":945,"href":"https:\/\/blogs.hoy.es\/Juandomingofernandez\/wp-json\/wp\/v2\/posts\/942\/revisions\/945"}],"wp:attachment":[{"href":"https:\/\/blogs.hoy.es\/Juandomingofernandez\/wp-json\/wp\/v2\/media?parent=942"}],"wp:term":[{"taxonomy":"category","embeddable":true,"href":"https:\/\/blogs.hoy.es\/Juandomingofernandez\/wp-json\/wp\/v2\/categories?post=942"},{"taxonomy":"post_tag","embeddable":true,"href":"https:\/\/blogs.hoy.es\/Juandomingofernandez\/wp-json\/wp\/v2\/tags?post=942"}],"curies":[{"name":"wp","href":"https:\/\/api.w.org\/{rel}","templated":true}]}}