{"id":951,"date":"2019-05-10T10:31:04","date_gmt":"2019-05-10T09:31:04","guid":{"rendered":"http:\/\/blogs.hoy.es\/Juandomingofernandez\/?p=951"},"modified":"2019-05-10T10:31:04","modified_gmt":"2019-05-10T09:31:04","slug":"jornadas-de-reflexion","status":"publish","type":"post","link":"https:\/\/blogs.hoy.es\/Juandomingofernandez\/2019\/05\/10\/jornadas-de-reflexion\/","title":{"rendered":"Jornadas de reflexi\u00f3n"},"content":{"rendered":"<p>Creo que nunca como ahora resulta tan recomendable alejarse de los acontecimientos para analizarlos con perspectiva y coherencia. Y no me refiero solo al panorama pol\u00edtico \u2013siempre cambiante\u2013 sino a los aspectos varios de la realidad cotidiana. Cuando la masificaci\u00f3n crece exponencialmente en esta \u2018modernidad l\u00edquida\u2019 en que vivimos y que vaticin\u00f3 Bauman, la mejor manera de atemperar el sentido gregario al que nos inducen las campa\u00f1as electorales, es hacer un alto y mirar las cosas con perspectiva, con sentido cr\u00edtico. Porque sin sentido cr\u00edtico devenimos en simples miembros de la \u2018masa\u2019, donde nos convertimos en n\u00famero y disolvemos nuestra individualidad. Mark Twain ya lo advert\u00eda con otras palabras: \u00abCada vez que se encuentre usted del lado de la mayor\u00eda, es tiempo de hacer una pausa y reflexionar\u00bb. Reflexionar no necesariamente para cambiar de idea, pero s\u00ed para reafirmarse en ella, si es lo que decide, tras an\u00e1lisis juiciosos, sin condicionamientos de \u2018propaganda\u2019 populista, sentimentalismo enga\u00f1oso o de la m\u00e1s obscena visceralidad. Meditaci\u00f3n con enjundia.<\/p>\n<p>Te estar\u00e1s preguntando, mi buen Yorick, a qu\u00e9 viene este largo pre\u00e1mbulo. Pues muy sencillo. De aqu\u00ed al 26 de mayo, fecha de las elecciones auton\u00f3micas, municipales y al Parlamento Europeo, no pienso escribir ninguna columna relativa, directa o tangencialmente, a los comicios. As\u00ed que desde hoy y hasta el 26 de mayo, para m\u00ed son jornadas de reflexi\u00f3n. En medio, procurar\u00e9 escribir de asuntos personales y acaso de mayor inter\u00e9s\u2026<\/p>\n<p>Sin embargo, esto no significa que piense hacer o\u00eddos sordos a las tres campa\u00f1as en ciernes. Al contrario. S\u00e9 que incurro en el t\u00f3pico si digo que \u00abExtremadura se juega mucho\u00bb en todas ellas. Porque esa expresi\u00f3n es un lugar com\u00fan, pero a la vez es una verdad irrefutable. Extremadura se juega mucho porque estos comicios coinciden con un formidable proceso de desaf\u00edo territorial al Estado que amenaza la estabilidad de cuatro d\u00e9cadas de progreso y convivencia democr\u00e1tica. Se juega mucho porque Extremadura, como el conjunto de Espa\u00f1a y de Europa, est\u00e1 sometida a las tensiones que generan la globalizaci\u00f3n, los populismos y los vaivenes impredecibles de los mercados financieros. Y se juega mucho porque en el \u00e1mbito local \u2013salvo escasas excepciones\u2013 el desempleo, la despoblaci\u00f3n, la falta de industrias y el envejecimiento de la poblaci\u00f3n son condicionantes que llevan camino de convertirse en males end\u00e9micos.<\/p>\n<p>Sobre todos y cada uno de esos asuntos pienso reflexionar, no para juzgar a nadie, sino para meditar cu\u00e1l de las propuestas que se barajan considero m\u00e1s acertada para nuestros retos y nuestros problemas. Y adem\u00e1s, tratar\u00e9 de dilucidar cu\u00e1l de las fuerzas pol\u00edticas participantes (en los distintos \u00e1mbitos) est\u00e1 en condiciones de cumplir lo que promete e incluso de rectificar, si fuera preciso, en funci\u00f3n de las dificultades y de los conflictos que vayan surgiendo. Como ense\u00f1a la experiencia, todos cometemos errores, lo malo es cultivar el \u2018dontancredismo\u2019 y no intentar siquiera enmendarlos. Dando por hecho, mi buen Yorick, que el \u2018dontancredismo\u2019 en ocasiones est\u00e1 m\u00e1s enraizado en ciertas capas de la sociedad que entre los propios pol\u00edticos. La sombra de esa gente con el dedo alzado: \u00abQu\u00e9 proponen, que me opongo\u00bb. Acerca de todo ello pienso reflexionar.<\/p>\n<!-- AddThis Advanced Settings generic via filter on the_content --><!-- AddThis Share Buttons generic via filter on the_content -->","protected":false},"excerpt":{"rendered":"<p>Creo que nunca como ahora resulta tan recomendable alejarse de los acontecimientos para analizarlos con perspectiva y coherencia. Y no me refiero solo al panorama pol\u00edtico \u2013siempre cambiante\u2013 sino a los aspectos varios de la realidad cotidiana. Cuando la masificaci\u00f3n crece exponencialmente en esta \u2018modernidad l\u00edquida\u2019 en que vivimos y que vaticin\u00f3 Bauman, la mejor [&hellip;]<!-- AddThis Advanced Settings generic via filter on get_the_excerpt --><!-- AddThis Share Buttons generic via filter on get_the_excerpt --><\/p>\n","protected":false},"author":13,"featured_media":0,"comment_status":"open","ping_status":"closed","sticky":false,"template":"","format":"standard","meta":[],"categories":[1],"tags":[319,390,422,815,1015],"_links":{"self":[{"href":"https:\/\/blogs.hoy.es\/Juandomingofernandez\/wp-json\/wp\/v2\/posts\/951"}],"collection":[{"href":"https:\/\/blogs.hoy.es\/Juandomingofernandez\/wp-json\/wp\/v2\/posts"}],"about":[{"href":"https:\/\/blogs.hoy.es\/Juandomingofernandez\/wp-json\/wp\/v2\/types\/post"}],"author":[{"embeddable":true,"href":"https:\/\/blogs.hoy.es\/Juandomingofernandez\/wp-json\/wp\/v2\/users\/13"}],"replies":[{"embeddable":true,"href":"https:\/\/blogs.hoy.es\/Juandomingofernandez\/wp-json\/wp\/v2\/comments?post=951"}],"version-history":[{"count":1,"href":"https:\/\/blogs.hoy.es\/Juandomingofernandez\/wp-json\/wp\/v2\/posts\/951\/revisions"}],"predecessor-version":[{"id":952,"href":"https:\/\/blogs.hoy.es\/Juandomingofernandez\/wp-json\/wp\/v2\/posts\/951\/revisions\/952"}],"wp:attachment":[{"href":"https:\/\/blogs.hoy.es\/Juandomingofernandez\/wp-json\/wp\/v2\/media?parent=951"}],"wp:term":[{"taxonomy":"category","embeddable":true,"href":"https:\/\/blogs.hoy.es\/Juandomingofernandez\/wp-json\/wp\/v2\/categories?post=951"},{"taxonomy":"post_tag","embeddable":true,"href":"https:\/\/blogs.hoy.es\/Juandomingofernandez\/wp-json\/wp\/v2\/tags?post=951"}],"curies":[{"name":"wp","href":"https:\/\/api.w.org\/{rel}","templated":true}]}}