{"id":959,"date":"2019-05-30T08:48:56","date_gmt":"2019-05-30T07:48:56","guid":{"rendered":"http:\/\/blogs.hoy.es\/Juandomingofernandez\/?p=959"},"modified":"2019-05-30T08:48:56","modified_gmt":"2019-05-30T07:48:56","slug":"bipedos-en-el-desierto","status":"publish","type":"post","link":"https:\/\/blogs.hoy.es\/Juandomingofernandez\/2019\/05\/30\/bipedos-en-el-desierto\/","title":{"rendered":"B\u00edpedos en el desierto"},"content":{"rendered":"<p>Un estudio publicado en la revista \u2018Journal of Geology\u2019 por investigadores de la Universidad de Kansas baraja una causa singular que pudo contribuir a que nuestros antepasados hom\u00ednidos bajaran de los \u00e1rboles y comenzaran a caminar erguidos. Su hip\u00f3tesis es que la explosi\u00f3n de una supernova situada a 163 a\u00f1os luz de la Tierra caus\u00f3, hace 2,6 millones de a\u00f1os, violentos incendios forestales que obligaron a los ancestros a abandonar los bosques y adaptarse a la sabana, donde las llanuras de pastizales les forzaban a caminar erguidos para observar mejor a los depredadores, tener las manos libres con las que lanzar piedras, hacer fuego o manejar la jabalina.<\/p>\n<p>Reconozco que m\u00e1s que la tesis en s\u00ed \u2013seguramente por mi condici\u00f3n de lego en la materia\u2013 a m\u00ed lo que de verdad me admira son los vericuetos cient\u00edficos buscados por los investigadores para alcanzar sus conclusiones: la existencia de hierro radiactivo en el fondo de los oc\u00e9anos y en la Luna, producto de esos fen\u00f3menos c\u00f3smicos que ocasionaron durante millones de a\u00f1os incendios forestales en todo el mundo y un aumento colosal de las tormentas el\u00e9ctricas.<\/p>\n<p>La otra hip\u00f3tesis que me preocupa es si un \u2018evento c\u00f3smico\u2019 similar podr\u00eda producirse de nuevo. Pero el autor principal del estudio, Adrian Melott, nos tranquiliza y la descarta, pues la estrella m\u00e1s cercana capaz de explotar como una supernova dentro de un mill\u00f3n de a\u00f1os (\u00bfhay alguien ah\u00ed?) se encuentra a 652 a\u00f1os luz de la Tierra y para acabar con el planeta deber\u00eda situarse a 40 o 50 a\u00f1os luz. A la vuelta de la esquina.<\/p>\n<p>Las perspectivas, sin embargo, no son del todo tranquilizadoras. El propio Melott lo apunta en \u2018Abc\u2019: \u00abPreoc\u00fapense por los eventos de protones solares. Ese es el peligro para nosotros con nuestra tecnolog\u00eda: una llamarada solar que haga caer la energ\u00eda el\u00e9ctrica. Imag\u00ednense meses sin electricidad\u00bb.<\/p>\n<p>Meses sin electricidad nos remite a un futuro pavoroso, tan terrible como el invierno nuclear del preapocalipsis. \u00bfSe imaginan las ciudades sin transportes? \u00bfSin posibilidad de suministrar agua y alimentos? \u00bfSin electricidad para cocinar, cargar el m\u00f3vil o conectar el ordenador? \u00bfSin calefacci\u00f3n, aire acondicionado o ascensores en hospitales y residencias? Tal vez no constituya una posibilidad tan remota, aunque en esta antesala de cambio clim\u00e1tico y desertificaci\u00f3n, lo que de verdad resulta inquietante son los incendios que devoran, un d\u00eda s\u00ed y otro tambi\u00e9n, nuestros bosques y nuestros campos. Cap\u00edtulos de una historia que no pertenece, por desgracia, a la ciencia ficci\u00f3n. Fragmentos de la realidad cotidiana. Teselas de un mosaico sombr\u00edo.<\/p>\n<p>Dec\u00eda Chateubriand que \u00ablos bosques preceden a las civilizaciones, los desiertos las siguen\u00bb. Sospecho que el inexorable viaje hacia el desierto de los b\u00edpedos actuales va en sentido contrario al de los ancestros. Y me recuerda tambi\u00e9n la famosa definici\u00f3n de hombre que hizo Plat\u00f3n: \u00abUn b\u00edpedo implume\u00bb. Definici\u00f3n que, seg\u00fan se cuenta, fue contestada por Di\u00f3genes con humor. Desplum\u00f3 un gallo, lo arroj\u00f3 a los pies de los disc\u00edpulos del fil\u00f3sofo en la Academia y les dijo: \u00abEste es el hombre de Plat\u00f3n\u00bb. Me parece que vamos camino de ese segundo b\u00edpedo, pero, adem\u00e1s, sin cabeza.<\/p>\n<!-- AddThis Advanced Settings generic via filter on the_content --><!-- AddThis Share Buttons generic via filter on the_content -->","protected":false},"excerpt":{"rendered":"<p>Un estudio publicado en la revista \u2018Journal of Geology\u2019 por investigadores de la Universidad de Kansas baraja una causa singular que pudo contribuir a que nuestros antepasados hom\u00ednidos bajaran de los \u00e1rboles y comenzaran a caminar erguidos. Su hip\u00f3tesis es que la explosi\u00f3n de una supernova situada a 163 a\u00f1os luz de la Tierra caus\u00f3, [&hellip;]<!-- AddThis Advanced Settings generic via filter on get_the_excerpt --><!-- AddThis Share Buttons generic via filter on get_the_excerpt --><\/p>\n","protected":false},"author":13,"featured_media":0,"comment_status":"open","ping_status":"closed","sticky":false,"template":"","format":"standard","meta":[],"categories":[1],"tags":[1779,1419,1782,351,370,1778,1780,1781],"_links":{"self":[{"href":"https:\/\/blogs.hoy.es\/Juandomingofernandez\/wp-json\/wp\/v2\/posts\/959"}],"collection":[{"href":"https:\/\/blogs.hoy.es\/Juandomingofernandez\/wp-json\/wp\/v2\/posts"}],"about":[{"href":"https:\/\/blogs.hoy.es\/Juandomingofernandez\/wp-json\/wp\/v2\/types\/post"}],"author":[{"embeddable":true,"href":"https:\/\/blogs.hoy.es\/Juandomingofernandez\/wp-json\/wp\/v2\/users\/13"}],"replies":[{"embeddable":true,"href":"https:\/\/blogs.hoy.es\/Juandomingofernandez\/wp-json\/wp\/v2\/comments?post=959"}],"version-history":[{"count":1,"href":"https:\/\/blogs.hoy.es\/Juandomingofernandez\/wp-json\/wp\/v2\/posts\/959\/revisions"}],"predecessor-version":[{"id":960,"href":"https:\/\/blogs.hoy.es\/Juandomingofernandez\/wp-json\/wp\/v2\/posts\/959\/revisions\/960"}],"wp:attachment":[{"href":"https:\/\/blogs.hoy.es\/Juandomingofernandez\/wp-json\/wp\/v2\/media?parent=959"}],"wp:term":[{"taxonomy":"category","embeddable":true,"href":"https:\/\/blogs.hoy.es\/Juandomingofernandez\/wp-json\/wp\/v2\/categories?post=959"},{"taxonomy":"post_tag","embeddable":true,"href":"https:\/\/blogs.hoy.es\/Juandomingofernandez\/wp-json\/wp\/v2\/tags?post=959"}],"curies":[{"name":"wp","href":"https:\/\/api.w.org\/{rel}","templated":true}]}}