{"id":97,"date":"2008-03-08T00:37:11","date_gmt":"2008-03-08T00:37:11","guid":{"rendered":"http:\/\/blogs.hoy.es\/Juandomingofernandez\/?p=97"},"modified":"2008-03-08T00:37:11","modified_gmt":"2008-03-08T00:37:11","slug":"tiempo-reflexion","status":"publish","type":"post","link":"https:\/\/blogs.hoy.es\/Juandomingofernandez\/2008\/03\/08\/tiempo-reflexion\/","title":{"rendered":"Tiempo de reflexi\u00f3n"},"content":{"rendered":"\n<p class=\"MsoNormal\"><big>T<\/big><span lang=\"ES-TRAD\">ENGO ante m\u00ed la obra de un pintor que estos d\u00edas expone en C\u00e1ceres. La fuerza magn\u00e9tica del cuadro me retiene, sujeto por la pechera del sentimiento, hasta zarandearme. Los cuadros del pintor suelen reflejar paisajes abiertos y despoblados. No se trata, parad\u00f3jicamente, de lugares \u2018pintorescos\u2019: vistas de composici\u00f3n cl\u00e1sica, emparentadas con la estampa y la l\u00e1mina para enmarcar. Nada de eso. Por los paisajes de este pintor transita la vida, aunque supongo que para muchos su belleza pasar\u00eda inadvertida si \u00e9l no la hubiera rescatado del anonimato, de la cotidianidad indiferente, para recrearla en un lienzo al \u00f3leo como obra de arte. El don prodigioso de los grandes creadores.<\/span><\/p>\n<p class=\"MsoNormal\"><span lang=\"ES-TRAD\"><span style=\"\">   <\/span>Observo el cuadro una y otra vez. Cierro los ojos y trato de adivinar qu\u00e9 m\u00fasica deber\u00eda sonar junto a la peque\u00f1a loma donde se recortan las siluetas de unos pocos \u00e1rboles. No encuentro nombres. El cielo plomizo tiene la melancol\u00eda de las tardes despu\u00e9s de la lluvia. \u00bfSinfon\u00edas? La del silencio. <\/span><\/p>\n<p class=\"MsoNormal\"><span lang=\"ES-TRAD\"><span style=\"\">   <\/span>Es tiempo de reflexi\u00f3n. El paisaje es una puerta hacia el interior de uno mismo. \u00bfMirar atr\u00e1s? Qu\u00e9 m\u00e1s da. Mirar hacia dentro, hacia uno mismo siempre es mirar hacia delante. No importa el tiempo. En los paisajes solitarios de este pintor es f\u00e1cil reconocerse, sentirlos como propios. Un espacio c\u00e1lido, familiar, como esas plazas o calles de cualquier ciudad o de cualquier pueblo que nos llegan al coraz\u00f3n. <\/span><\/p>\n<p class=\"MsoNormal\"><span lang=\"ES-TRAD\">Es hora de decirlo. El pintor se llama Pedro Gamonal, expone en <st1:PersonName productid=\"la Galer\u00eda Mar\u00eda\" w:st=\"on\">la  Galer\u00eda Mar\u00eda<\/st1:PersonName> Llanos una muestra titulada \u2018A debida distancia\u2019 \u2013s\u00ed, igual que un libro del poeta \u00c1lvaro Valverde\u2013, y para m\u00ed esos cuadros valen tanto como una reflexi\u00f3n en el para\u00edso.<\/span><\/p>\n<!-- AddThis Advanced Settings generic via filter on the_content --><!-- AddThis Share Buttons generic via filter on the_content -->","protected":false},"excerpt":{"rendered":"<p>TENGO ante m\u00ed la obra de un pintor que estos d\u00edas expone en C\u00e1ceres. La fuerza magn\u00e9tica del cuadro me retiene, sujeto por la pechera del sentimiento, hasta zarandearme. Los cuadros del pintor suelen reflejar paisajes abiertos y despoblados. No se trata, parad\u00f3jicamente, de lugares \u2018pintorescos\u2019: vistas de composici\u00f3n cl\u00e1sica, emparentadas con la estampa y [&hellip;]<!-- AddThis Advanced Settings generic via filter on get_the_excerpt --><!-- AddThis Share Buttons generic via filter on get_the_excerpt --><\/p>\n","protected":false},"author":13,"featured_media":0,"comment_status":"open","ping_status":"closed","sticky":false,"template":"","format":"standard","meta":[],"categories":[1],"tags":[103,524,998],"_links":{"self":[{"href":"https:\/\/blogs.hoy.es\/Juandomingofernandez\/wp-json\/wp\/v2\/posts\/97"}],"collection":[{"href":"https:\/\/blogs.hoy.es\/Juandomingofernandez\/wp-json\/wp\/v2\/posts"}],"about":[{"href":"https:\/\/blogs.hoy.es\/Juandomingofernandez\/wp-json\/wp\/v2\/types\/post"}],"author":[{"embeddable":true,"href":"https:\/\/blogs.hoy.es\/Juandomingofernandez\/wp-json\/wp\/v2\/users\/13"}],"replies":[{"embeddable":true,"href":"https:\/\/blogs.hoy.es\/Juandomingofernandez\/wp-json\/wp\/v2\/comments?post=97"}],"version-history":[{"count":0,"href":"https:\/\/blogs.hoy.es\/Juandomingofernandez\/wp-json\/wp\/v2\/posts\/97\/revisions"}],"wp:attachment":[{"href":"https:\/\/blogs.hoy.es\/Juandomingofernandez\/wp-json\/wp\/v2\/media?parent=97"}],"wp:term":[{"taxonomy":"category","embeddable":true,"href":"https:\/\/blogs.hoy.es\/Juandomingofernandez\/wp-json\/wp\/v2\/categories?post=97"},{"taxonomy":"post_tag","embeddable":true,"href":"https:\/\/blogs.hoy.es\/Juandomingofernandez\/wp-json\/wp\/v2\/tags?post=97"}],"curies":[{"name":"wp","href":"https:\/\/api.w.org\/{rel}","templated":true}]}}