{"id":973,"date":"2019-07-18T08:40:25","date_gmt":"2019-07-18T07:40:25","guid":{"rendered":"http:\/\/blogs.hoy.es\/Juandomingofernandez\/?p=973"},"modified":"2019-07-18T08:48:46","modified_gmt":"2019-07-18T07:48:46","slug":"charlataneria-de-diseno","status":"publish","type":"post","link":"https:\/\/blogs.hoy.es\/Juandomingofernandez\/2019\/07\/18\/charlataneria-de-diseno\/","title":{"rendered":"Charlataner\u00eda de dise\u00f1o"},"content":{"rendered":"<p>En mi familia cuentan la an\u00e9cdota de unos antepasados, hermanos y solteros, ya de cierta edad, que una ma\u00f1ana temprano salieron de su casa a caballo en direcci\u00f3n a Trujillo, apenas a 20 kil\u00f3metros de distancia. Nada m\u00e1s emprender la ruta, uno de ellos exclam\u00f3: \u00ab\u00a1Mira, por all\u00ed va un lobo!\u00bb. El acompa\u00f1ante guard\u00f3 silencio. Prosiguieron la marcha, pero cuando estaban dentro del berrocal que rodea Trujillo el otro jinete se limit\u00f3 a contestar: \u00abO loba\u00bb. Esa fue toda la conversaci\u00f3n que mantuvieron durante cuatro leguas de viaje. La verdad es que este episodio sol\u00eda utilizarse en la familia para reprochar a alguien sus &#8216;calladeras&#8217; o para retratarle con nula inclinaci\u00f3n locuaz. \u00abEste sale a la rama de los parientes aquellos de &#8216;lobo o loba&#8217;\u00bb, o\u00ed m\u00e1s de una vez en casa cuando \u2013por el motivo que fuera\u2013 alguno se mostraba m\u00e1s tenaz en los silencios que en la conversaci\u00f3n.<\/p>\n<p><strong>Cambian los h\u00e1bitos sociales.<\/strong> Ya nadie viaja a caballo, salvo por diversi\u00f3n, para desplazarse de una localidad a otra. Pero<strong> creo que en los viajes colectivos, desde el tren al autob\u00fas, desde el taxi al Blablacar, le va ganando terreno el silencio a la charla;<\/strong> o mejor, <strong>las charlas que van ganando la mano son las que mantienen los usuarios de esos medios de transportes a trav\u00e9s de la pantalla de su m\u00f3vil con otros usuarios de dispositivos electr\u00f3nicos. Las charlas en red.<\/strong> Dec\u00eda Nietzsche que una conversaci\u00f3n entre dos personas eran \u00abdos mon\u00f3logos con interrupciones m\u00e1s o menos pacientes\u00bb. Ser\u00eda en su \u00e9poca. <strong>Me parece que ahora vivimos la apoteosis del mon\u00f3logo permanente y sucesivo, sobre todo en las redes sociales, en el &#8216;m\u00e1trix&#8217; globalizado de la realidad virtual. <\/strong><\/p>\n<p>Por no conversar, me parece que ni los pol\u00edticos conversan, aunque aparentemente hablan, se entrevistan, charlotean. Tal vez se limitan a interpretar un argumentario guionizado; acceden a fotografiarse con gestos de &#8216;dise\u00f1o&#8217; que proh\u00edbe, por ejemplo, mirar con afecto o cordialidad al interlocutor. Mirarle as\u00ed supondr\u00eda mostrar debilidad o sumisi\u00f3n. <strong>Hasta en los programas televisivos m\u00e1s populares empieza a ser frecuente la figura del especialista en comunicaci\u00f3n no verbal, encargado de glosar, puntero en mano, lo significativo de esta mirada, de aquella mueca, de esa sonrisa\u2026 <\/strong>Supongo que dichas apreciaciones y dict\u00e1menes acabar\u00e1n siendo recibidas por todos \u2013espectadores o no de tales programas\u2013 con la credibilidad de los etruscos ante el ar\u00faspice que examina las entra\u00f1as de las aves y adivina qu\u00e9 presagios les reserva el porvenir.<\/p>\n<p>En la era de la imagen, cualquier contenido de valor tiene que ser susceptible de ser resumido en un s\u00edmbolo, en un gesto, en un atributo, en un relato. Y preferiblemente tambi\u00e9n en una &#8216;imagen potente&#8217;, en un eslogan, en un titular de prensa. Basta pensar en la actual encrucijada pol\u00edtica de Espa\u00f1a para entenderlo. Antes que ingenio (ll\u00e1mese ocurrencia o estrategia) en cualquier negociaci\u00f3n lo primero que se necesita es confianza. Confianza entre quienes negocian. Y hablar con sinceridad, lejos del postureo. Porque si de lo que se trata es de incurrir a diario en la facundia monologuista y charlatana, prefiero aquella contenci\u00f3n de mis parientes en sus marchas a caballo. Se les entend\u00eda todo.<\/p>\n<!-- AddThis Advanced Settings generic via filter on the_content --><!-- AddThis Share Buttons generic via filter on the_content -->","protected":false},"excerpt":{"rendered":"<p>En mi familia cuentan la an\u00e9cdota de unos antepasados, hermanos y solteros, ya de cierta edad, que una ma\u00f1ana temprano salieron de su casa a caballo en direcci\u00f3n a Trujillo, apenas a 20 kil\u00f3metros de distancia. Nada m\u00e1s emprender la ruta, uno de ellos exclam\u00f3: \u00ab\u00a1Mira, por all\u00ed va un lobo!\u00bb. El acompa\u00f1ante guard\u00f3 silencio. [&hellip;]<!-- AddThis Advanced Settings generic via filter on get_the_excerpt --><!-- AddThis Share Buttons generic via filter on get_the_excerpt --><\/p>\n","protected":false},"author":13,"featured_media":0,"comment_status":"open","ping_status":"closed","sticky":false,"template":"","format":"standard","meta":[],"categories":[1],"tags":[319,422,825,1015,1054,1087],"_links":{"self":[{"href":"https:\/\/blogs.hoy.es\/Juandomingofernandez\/wp-json\/wp\/v2\/posts\/973"}],"collection":[{"href":"https:\/\/blogs.hoy.es\/Juandomingofernandez\/wp-json\/wp\/v2\/posts"}],"about":[{"href":"https:\/\/blogs.hoy.es\/Juandomingofernandez\/wp-json\/wp\/v2\/types\/post"}],"author":[{"embeddable":true,"href":"https:\/\/blogs.hoy.es\/Juandomingofernandez\/wp-json\/wp\/v2\/users\/13"}],"replies":[{"embeddable":true,"href":"https:\/\/blogs.hoy.es\/Juandomingofernandez\/wp-json\/wp\/v2\/comments?post=973"}],"version-history":[{"count":1,"href":"https:\/\/blogs.hoy.es\/Juandomingofernandez\/wp-json\/wp\/v2\/posts\/973\/revisions"}],"predecessor-version":[{"id":974,"href":"https:\/\/blogs.hoy.es\/Juandomingofernandez\/wp-json\/wp\/v2\/posts\/973\/revisions\/974"}],"wp:attachment":[{"href":"https:\/\/blogs.hoy.es\/Juandomingofernandez\/wp-json\/wp\/v2\/media?parent=973"}],"wp:term":[{"taxonomy":"category","embeddable":true,"href":"https:\/\/blogs.hoy.es\/Juandomingofernandez\/wp-json\/wp\/v2\/categories?post=973"},{"taxonomy":"post_tag","embeddable":true,"href":"https:\/\/blogs.hoy.es\/Juandomingofernandez\/wp-json\/wp\/v2\/tags?post=973"}],"curies":[{"name":"wp","href":"https:\/\/api.w.org\/{rel}","templated":true}]}}