{"id":977,"date":"2019-09-05T09:00:13","date_gmt":"2019-09-05T08:00:13","guid":{"rendered":"http:\/\/blogs.hoy.es\/Juandomingofernandez\/?p=977"},"modified":"2019-09-05T09:00:13","modified_gmt":"2019-09-05T08:00:13","slug":"las-dimensiones-del-teatro","status":"publish","type":"post","link":"https:\/\/blogs.hoy.es\/Juandomingofernandez\/2019\/09\/05\/las-dimensiones-del-teatro\/","title":{"rendered":"Las dimensiones del teatro"},"content":{"rendered":"<p>Del mismo modo que la literatura occidental est\u00e1 salpicada de referencias constantes a las leyendas mitol\u00f3gicas de Grecia y Roma, las series (y sus derivados audiovisuales) se est\u00e1n convirtiendo en mitolog\u00edas e inspiraciones obligadas de la modernidad. Los discursos pol\u00edticos y las columnas period\u00edsticas no podr\u00edan sustentarse sin su recurso, desde &#8216;Juegos de Tronos&#8217; a &#8216;El ala oeste de la Casa Blanca&#8217;, desde &#8216;El cuento de la criada&#8217; hasta la interesada alusi\u00f3n, por ejemplo, al combate entre Mohamed Ali (Cassius Clay) y George Foreman que tuite\u00f3 esta semana el l\u00edder de Podemos para simbolizar el valor de la santa paciencia\u2026 Y en ocasiones las series son algo m\u00e1s que una referencia, que una cita en un discurso. Todav\u00eda recuerdo c\u00f3mo un &#8216;spin doctor&#8217; (ahora en una trinchera de distinto signo pol\u00edtico) calc\u00f3 literalmente cierto episodio de una serie americana para reivindicar, mediante una pila de documentos que los periodistas tan solo pod\u00edan ver pero no copiar, la supuesta &#8216;inocencia&#8217; de su entonces patr\u00f3n y presidente.<\/p>\n<p>Ocurre que<strong> en este veraniego par\u00e9ntesis preelectoral he visto &#8216;La voz m\u00e1s alta&#8217;, una serie que recrea el nacimiento de la Fox News y de la televisi\u00f3n como instrumento imprescindible para la pol\u00edtica y la manipulaci\u00f3n. <\/strong>\u00abCreo firmemente en el poder de la televisi\u00f3n. Cambia a la gente lo que quiere, aunque no sepa que lo quiere\u00bb, dice Roger Ailes, el protagonista de la historia.<\/p>\n<p>Aparte de la denuncia que la &#8216;La voz m\u00e1s alta&#8217; hace de Ailes como depredador sexual,<strong> a m\u00ed me interesa la minuciosa radiograf\u00eda acerca de c\u00f3mo se transforma<\/strong> (c\u00f3mo &#8216;degenera&#8217;, ser\u00eda un verbo m\u00e1s preciso)<strong> un modelo televisivo con vocaci\u00f3n informativa para terminar convirti\u00e9ndose en una implacable maquinaria de propaganda pol\u00edtica.<\/strong> El huevo de la serpiente del populismo y de la telebasura.<strong> \u00abLa gente no quiere estar informada, quiere sentirse informada\u00bb, proclama Ailes. Cuando un veterano del medio trata de frenarlo con el siguiente argumentos: \u00abSomos una cadena de noticias. Necesitamos periodistas expertos\u00bb, \u00e9l replica tajante:<\/strong><strong>\u00abLo que necesitamos son personas que el p\u00fablico quiera ver, porque es la puta televisi\u00f3n\u00bb.<\/strong> \u00abLe daremos al norteamericano una visi\u00f3n del mundo como es en realidad y\u2026 como ellos quieren que sea\u00bb. \u00abTenemos que dirigir las noticias, no solo informar\u00bb.<\/p>\n<p>Despu\u00e9s de ver esta serie televisiva los espectadores m\u00e1s j\u00f3venes a lo mejor entienden que la idea de guionizar programas de entrevistas y debates; la decisi\u00f3n de fabricar &#8216;noticias falsas&#8217; o de intentar que se transformen en virales simples &#8216;intrascendencias&#8217; es otra forma, y bastante nociva, de manipulaci\u00f3n. Ruido en un sistema laber\u00edntico que cuenta con un pen\u00faltimo engranaje: las redes sociales.<\/p>\n<p><strong>Quiz\u00e1s vivimos dentro de un bucle permanente en el que la pol\u00edtica y la realidad solo son, como en el poema de Gil de Biedma, las dimensiones del teatro, mientras nosotros somos, a la vez, personajes y espectadores.<\/strong> Un &#8216;matrix&#8217; alimentado, desde luego, por ese modelo de predicadores laicos que el mexicano Paco Ignacio Taibo II califica de \u00abministros de culto sectario\u00bb que hablan \u00abcomo si fueran los due\u00f1os de la verdad revelada\u00bb y ante los que el sentido com\u00fan aconseja ponerse en guardia.<\/p>\n<!-- AddThis Advanced Settings generic via filter on the_content --><!-- AddThis Share Buttons generic via filter on the_content -->","protected":false},"excerpt":{"rendered":"<p>Del mismo modo que la literatura occidental est\u00e1 salpicada de referencias constantes a las leyendas mitol\u00f3gicas de Grecia y Roma, las series (y sus derivados audiovisuales) se est\u00e1n convirtiendo en mitolog\u00edas e inspiraciones obligadas de la modernidad. Los discursos pol\u00edticos y las columnas period\u00edsticas no podr\u00edan sustentarse sin su recurso, desde &#8216;Juegos de Tronos&#8217; a [&hellip;]<!-- AddThis Advanced Settings generic via filter on get_the_excerpt --><!-- AddThis Share Buttons generic via filter on get_the_excerpt --><\/p>\n","protected":false},"author":13,"featured_media":0,"comment_status":"open","ping_status":"closed","sticky":false,"template":"","format":"standard","meta":[],"categories":[1],"tags":[390,422,1803,1802,1054,1087,1801,1243],"_links":{"self":[{"href":"https:\/\/blogs.hoy.es\/Juandomingofernandez\/wp-json\/wp\/v2\/posts\/977"}],"collection":[{"href":"https:\/\/blogs.hoy.es\/Juandomingofernandez\/wp-json\/wp\/v2\/posts"}],"about":[{"href":"https:\/\/blogs.hoy.es\/Juandomingofernandez\/wp-json\/wp\/v2\/types\/post"}],"author":[{"embeddable":true,"href":"https:\/\/blogs.hoy.es\/Juandomingofernandez\/wp-json\/wp\/v2\/users\/13"}],"replies":[{"embeddable":true,"href":"https:\/\/blogs.hoy.es\/Juandomingofernandez\/wp-json\/wp\/v2\/comments?post=977"}],"version-history":[{"count":1,"href":"https:\/\/blogs.hoy.es\/Juandomingofernandez\/wp-json\/wp\/v2\/posts\/977\/revisions"}],"predecessor-version":[{"id":978,"href":"https:\/\/blogs.hoy.es\/Juandomingofernandez\/wp-json\/wp\/v2\/posts\/977\/revisions\/978"}],"wp:attachment":[{"href":"https:\/\/blogs.hoy.es\/Juandomingofernandez\/wp-json\/wp\/v2\/media?parent=977"}],"wp:term":[{"taxonomy":"category","embeddable":true,"href":"https:\/\/blogs.hoy.es\/Juandomingofernandez\/wp-json\/wp\/v2\/categories?post=977"},{"taxonomy":"post_tag","embeddable":true,"href":"https:\/\/blogs.hoy.es\/Juandomingofernandez\/wp-json\/wp\/v2\/tags?post=977"}],"curies":[{"name":"wp","href":"https:\/\/api.w.org\/{rel}","templated":true}]}}