{"id":979,"date":"2019-09-12T09:41:42","date_gmt":"2019-09-12T08:41:42","guid":{"rendered":"http:\/\/blogs.hoy.es\/Juandomingofernandez\/?p=979"},"modified":"2019-09-12T09:41:42","modified_gmt":"2019-09-12T08:41:42","slug":"tontos-y-otros-improperios","status":"publish","type":"post","link":"https:\/\/blogs.hoy.es\/Juandomingofernandez\/2019\/09\/12\/tontos-y-otros-improperios\/","title":{"rendered":"Tontos y otros improperios"},"content":{"rendered":"<p>En mis a\u00f1os juveniles tuve un profesor de Historia, don Juan Sanz, del que me he acordado muchas veces no solo por lo que consigui\u00f3 ense\u00f1arnos, sino por la admiraci\u00f3n y el respeto casi reverencial que le tribut\u00e1bamos todos. Cuando cursaba 3\u00ba o 4\u00ba del antiguo Bachillerato, una gripe traicionera me impidi\u00f3 asistir al examen trimestral de su asignatura. Acept\u00f3 examinarme d\u00edas despu\u00e9s. Aquella ma\u00f1ana, en el aula, junto con todos mis compa\u00f1eros de curso, hizo que me situara en un pupitre cerca del estrado y mientras sosten\u00eda la boquilla de su cigarro en la comisura de sus labios se dirigi\u00f3 a m\u00ed:<\/p>\n<p>\u2014Fern\u00e1ndez, \u2013dijo\u2013 supongo que sabr\u00e1 las preguntas que les puse a sus compa\u00f1eros en el examen \u00bfno?<\/p>\n<p>\u2014S\u00ed \u2013contest\u00e9.<\/p>\n<p>\u2014\u00bfNo pensar\u00e1 que le voy a poner las mismas?<\/p>\n<p>\u2014No, claro \u2013respond\u00ed enseguida.<\/p>\n<p>\u2014Pues tome nota \u2013anunci\u00f3, mientras formulaba las mismas preguntas del examen del primer d\u00eda.<\/p>\n<p>Confieso que llevaba bien preparada toda la materia del trimestre, pero de manera especial los temas sobre los que hab\u00eda examinado al resto de la clase. Sab\u00eda que su sentido de la justicia y de la ecuanimidad le hubieran desasosegado sobremanera de haberme sometido a otro cuestionario. Pero a la vez, la perspicacia y la pr\u00e1ctica docente le empujar\u00edan a salvar el trance someti\u00e9ndome a ese interrogatorio previo para dejar claro que all\u00ed nadie se chupaba el dedo. Lecciones para la concurrencia.<\/p>\n<p>Me he acordado de don Juan Sanz porque <strong>no s\u00e9 si en estos tiempos en los que la correcci\u00f3n pol\u00edtica puede verse reforzada incluso con c\u00e1maras en el aula, podr\u00edan resultar admisibles algunas de sus muletillas ante las barbaridades estudiantiles: \u00ab\u00a1Tontos, tontos; pondr\u00eda un disco repitiendo todo el d\u00eda que sois tontos y no lo dir\u00eda suficientes veces!\u00bb.<\/strong> Comparados con el lenguaje de las redes sociales, aquellos improperios \u2013que nos suscitaban sonrisas antes que indignaci\u00f3n\u2013 no llegan ni a pellizco de monja. <strong>Dice Graci\u00e1n que \u00absiempre hay tiempo para enviar la palabra, pero no para volverla\u00bb. De ah\u00ed el valor del hombre prudente: \u00abEs fiera la lengua, que si una vez se suelta, es muy dificultosa de poderse volver a encadenar\u00bb. <\/strong><strong>Bien podr\u00edan aplic\u00e1rselo algunos pol\u00edticos cuando hablan de sus contrincantes. Falta fineza y sobra odio. <\/strong>Eso s\u00ed que resulta inadmisible.<\/p>\n<p>Como hombre inteligente, don Juan Sanz cultivaba el humor y la iron\u00eda. Recuerdo que un a\u00f1o los alumnos de varios grupos no dispon\u00edamos de aula fija y ten\u00edamos que ir rotando por las que quedaban libres. En uno de esos trasiegos alguien ech\u00f3 de menos su caja de comp\u00e1s, bigotera y un juego de escuadra y cartab\u00f3n que guardaba en el pupitre. En cuanto se percat\u00f3 de que hab\u00edan desaparecido, se lo comunic\u00f3 a don Juan, el profesor a esa hora. \u00ab\u00bfQu\u00e9 curso ha estado antes aqu\u00ed?\u00bb, pregunt\u00f3 \u00e9l. Se lo dijeron. \u00abPues vete ahora al aula equis y pregunta por fulano de tal\u00bb. El alumno sali\u00f3 y al instante volvi\u00f3 con sus materiales de dibujo t\u00e9cnico. \u00ab\u00bfQu\u00e9 te ha dicho?\u00bb, le interrog\u00f3 el profesor. \u00abQue cre\u00eda que eran suyos\u00bb. \u00abYa\u00bb, fue lo \u00fanico que contest\u00f3 el profesor. Y todos re\u00edmos porque en aquel curso no se estudiaba dibujo.<\/p>\n<!-- AddThis Advanced Settings generic via filter on the_content --><!-- AddThis Share Buttons generic via filter on the_content -->","protected":false},"excerpt":{"rendered":"<p>En mis a\u00f1os juveniles tuve un profesor de Historia, don Juan Sanz, del que me he acordado muchas veces no solo por lo que consigui\u00f3 ense\u00f1arnos, sino por la admiraci\u00f3n y el respeto casi reverencial que le tribut\u00e1bamos todos. Cuando cursaba 3\u00ba o 4\u00ba del antiguo Bachillerato, una gripe traicionera me impidi\u00f3 asistir al examen [&hellip;]<!-- AddThis Advanced Settings generic via filter on get_the_excerpt --><!-- AddThis Share Buttons generic via filter on get_the_excerpt --><\/p>\n","protected":false},"author":13,"featured_media":0,"comment_status":"open","ping_status":"closed","sticky":false,"template":"","format":"standard","meta":[],"categories":[1],"tags":[319,1805,422,545,634,1804,1289],"_links":{"self":[{"href":"https:\/\/blogs.hoy.es\/Juandomingofernandez\/wp-json\/wp\/v2\/posts\/979"}],"collection":[{"href":"https:\/\/blogs.hoy.es\/Juandomingofernandez\/wp-json\/wp\/v2\/posts"}],"about":[{"href":"https:\/\/blogs.hoy.es\/Juandomingofernandez\/wp-json\/wp\/v2\/types\/post"}],"author":[{"embeddable":true,"href":"https:\/\/blogs.hoy.es\/Juandomingofernandez\/wp-json\/wp\/v2\/users\/13"}],"replies":[{"embeddable":true,"href":"https:\/\/blogs.hoy.es\/Juandomingofernandez\/wp-json\/wp\/v2\/comments?post=979"}],"version-history":[{"count":1,"href":"https:\/\/blogs.hoy.es\/Juandomingofernandez\/wp-json\/wp\/v2\/posts\/979\/revisions"}],"predecessor-version":[{"id":980,"href":"https:\/\/blogs.hoy.es\/Juandomingofernandez\/wp-json\/wp\/v2\/posts\/979\/revisions\/980"}],"wp:attachment":[{"href":"https:\/\/blogs.hoy.es\/Juandomingofernandez\/wp-json\/wp\/v2\/media?parent=979"}],"wp:term":[{"taxonomy":"category","embeddable":true,"href":"https:\/\/blogs.hoy.es\/Juandomingofernandez\/wp-json\/wp\/v2\/categories?post=979"},{"taxonomy":"post_tag","embeddable":true,"href":"https:\/\/blogs.hoy.es\/Juandomingofernandez\/wp-json\/wp\/v2\/tags?post=979"}],"curies":[{"name":"wp","href":"https:\/\/api.w.org\/{rel}","templated":true}]}}