{"id":98,"date":"2008-03-25T00:57:21","date_gmt":"2008-03-25T00:57:21","guid":{"rendered":"http:\/\/blogs.hoy.es\/Juandomingofernandez\/?p=98"},"modified":"2008-03-25T00:57:21","modified_gmt":"2008-03-25T00:57:21","slug":"patrimonio-nacional","status":"publish","type":"post","link":"https:\/\/blogs.hoy.es\/Juandomingofernandez\/2008\/03\/25\/patrimonio-nacional\/","title":{"rendered":"Patrimonio nacional"},"content":{"rendered":"<h3><big>L<\/big><strong>A verg\u00fcenza ajena resulta a veces un sentimiento m\u00e1s vivo que el calendario de un preso, m\u00e1s visible que el enamoramiento de un adolescente y m\u00e1s justificado que el derrotismo de los perdedores. Como dec\u00eda Monterroso de los enanos, que tienen un sexto sentido que los hace &#8216;reconocerse&#8217; a primera vista, los t\u00edmidos tenemos un detector especial para percibir las situaciones de verg\u00fcenza ajena. Y no hay manera de desactivarlo. En el Museo de Orsay de Par\u00eds se expone un cuadro, &#8216;El origen del mundo&#8217;, pintado por Courbet en 1866 y oculto al p\u00fablico durante m\u00e1s de un siglo. Refleja con gran realismo el pubis de una mujer que descansa, con sus piernas separadas, sobre una s\u00e1bana blanca. Yo pensaba que ante ese cuadro me iba a dominar el desasosiego de la verg\u00fcenza ajena. Pero reconozco que no fue as\u00ed. Los comentarios de quienes reparaban en aquella visi\u00f3n tan escandalosa en el siglo XIX y en buena parte del siglo XX derivaban ahora por la v\u00eda del humor y de la picard\u00eda casi inocente. La verg\u00fcenza ajena se apoder\u00f3 de m\u00ed en otro museo, el del Louvre, y ante una obra muy conocida: la Gioconda de Leonardo. Aquellas \u00abbandadas de turistas\u00bb, \u2013que dir\u00eda Eco\u2013 desfilando durante unos pocos segundos delante de Monna Lisa sin reparar en el resto de las obras maestras me pareci\u00f3 est\u00e9ticamente pornogr\u00e1fica: mucho m\u00e1s escandalosa que el atrevido cuadro de Courbet. El pasado fin de semana en Peniche, la bella ciudad portuguesa, el amigo-gu\u00eda nos advirti\u00f3: \u00abSi entras en un bar y los hay que hablan dando voces, no lo dudes, esos son espa\u00f1oles\u00bb. Nunca falla. Ha sido la \u00faltima vez que he sentido verg\u00fcenza ajena.<\/strong><\/h3>\n<p><span style=\"font-size: 12pt; font-family: \"Times New Roman\";\" lang=\"ES-TRAD\"><\/span><\/p>\n<!-- AddThis Advanced Settings generic via filter on the_content --><!-- AddThis Share Buttons generic via filter on the_content -->","protected":false},"excerpt":{"rendered":"<p>LA verg\u00fcenza ajena resulta a veces un sentimiento m\u00e1s vivo que el calendario de un preso, m\u00e1s visible que el enamoramiento de un adolescente y m\u00e1s justificado que el derrotismo de los perdedores. Como dec\u00eda Monterroso de los enanos, que tienen un sexto sentido que los hace &#8216;reconocerse&#8217; a primera vista, los t\u00edmidos tenemos un [&hellip;]<!-- AddThis Advanced Settings generic via filter on get_the_excerpt --><!-- AddThis Share Buttons generic via filter on get_the_excerpt --><\/p>\n","protected":false},"author":13,"featured_media":0,"comment_status":"open","ping_status":"closed","sticky":false,"template":"","format":"standard","meta":[],"categories":[1],"tags":[291,980],"_links":{"self":[{"href":"https:\/\/blogs.hoy.es\/Juandomingofernandez\/wp-json\/wp\/v2\/posts\/98"}],"collection":[{"href":"https:\/\/blogs.hoy.es\/Juandomingofernandez\/wp-json\/wp\/v2\/posts"}],"about":[{"href":"https:\/\/blogs.hoy.es\/Juandomingofernandez\/wp-json\/wp\/v2\/types\/post"}],"author":[{"embeddable":true,"href":"https:\/\/blogs.hoy.es\/Juandomingofernandez\/wp-json\/wp\/v2\/users\/13"}],"replies":[{"embeddable":true,"href":"https:\/\/blogs.hoy.es\/Juandomingofernandez\/wp-json\/wp\/v2\/comments?post=98"}],"version-history":[{"count":0,"href":"https:\/\/blogs.hoy.es\/Juandomingofernandez\/wp-json\/wp\/v2\/posts\/98\/revisions"}],"wp:attachment":[{"href":"https:\/\/blogs.hoy.es\/Juandomingofernandez\/wp-json\/wp\/v2\/media?parent=98"}],"wp:term":[{"taxonomy":"category","embeddable":true,"href":"https:\/\/blogs.hoy.es\/Juandomingofernandez\/wp-json\/wp\/v2\/categories?post=98"},{"taxonomy":"post_tag","embeddable":true,"href":"https:\/\/blogs.hoy.es\/Juandomingofernandez\/wp-json\/wp\/v2\/tags?post=98"}],"curies":[{"name":"wp","href":"https:\/\/api.w.org\/{rel}","templated":true}]}}