{"id":987,"date":"2019-10-24T09:35:22","date_gmt":"2019-10-24T08:35:22","guid":{"rendered":"http:\/\/blogs.hoy.es\/Juandomingofernandez\/?p=987"},"modified":"2019-10-24T09:35:22","modified_gmt":"2019-10-24T08:35:22","slug":"de-ayer-a-hoy","status":"publish","type":"post","link":"https:\/\/blogs.hoy.es\/Juandomingofernandez\/2019\/10\/24\/de-ayer-a-hoy\/","title":{"rendered":"De ayer a hoy"},"content":{"rendered":"<p>Cerca de donde vivo hay un solar que lleva muchos a\u00f1os cercado por una red met\u00e1lica, y listo para que se construya en \u00e9l. Creo que ya le lleg\u00f3 su hora: el movimiento de tierras concita curiosidad y atrae espectadores. \u00ab\u00bfHa visto usted c\u00f3mo ha cambiado esto en dos d\u00edas?\u00bb, comenta una vecina ante el traj\u00edn de excavadoras en lo que antes fue una parcela casi llana. \u00abLo que hacen las m\u00e1quinas\u00bb, le respondo. En ese instante recuerdo el famoso art\u00edculo de Carlos Luis \u00c1lvarez, \u2018C\u00e1ndido\u2019, quien, a la vista de tres obreros echando arena en un cami\u00f3n, se hac\u00eda unas cuantas preguntas para discernir lo elemental de lo relevante, lo anecd\u00f3tico de lo significativo, el trigo de la paja. Y enseguida me viene a la memoria tambi\u00e9n un coleccionable que tuve el honor de coordinar: \u2018C\u00e1ceres, imagen y recuerdo\u2019, que distribuy\u00f3 el diario HOY en 2002 con fotograf\u00edas procedentes del Archivo de Curiosidades de Juan Ram\u00f3n Marchena y textos de Antonio Rubio Rojas, archivero municipal y cronista oficial de la ciudad de C\u00e1ceres.<\/p>\n<p>Aquel coleccionable enfrentaba treinta im\u00e1genes antiguas de lugares muy transitados: calles, plazas, rincones, monumentos\u2026 y otras treinta con su fisonom\u00eda actual. No pretend\u00eda ser un tributo a la nostalgia, \u2013aunque tambi\u00e9n\u2013 sino a una realidad cambiante, enriquecida con comentarios lejos del dato prolijo y m\u00e1s cerca de \u00abla glosa amena e iluminadora de la estampa\u00bb. Aquel coleccionable se abr\u00eda con la foto del arco que en 1917 el pueblo de C\u00e1ceres dedic\u00f3 a su prelado al comienzo de la calle San Ant\u00f3n, cuando a\u00fan no se hab\u00eda construido la despu\u00e9s denominada Casa de la Chicuela, y la correspondiente al lugar en la actualidad, es decir, en 2002. Del mismo modo, las l\u00e1minas, a gran tama\u00f1o, del cine Norba y la avenida Virgen de la Monta\u00f1a en 1967; de la Cruz de los Ca\u00eddos en noviembre de 1938, durante la jura de bandera de una promoci\u00f3n de alf\u00e9reces provisionales procedentes de la Academia de Granada; la plaza de San Jorge tras una fuerte nevada en febrero de 1924; la plaza de Santa Mar\u00eda, casi irreconocible, en 1962; la plaza de San Jorge en1939; la construcci\u00f3n de las Casas Baratas en 1930; la Torre de C\u00e1ceres, el Puente de San Francisco, la calle San Pedro esquina con Donoso Cort\u00e9s, el Cine Astoria\u2026<\/p>\n<p>Aquel coleccionable anticipaba lo universal de un sentimiento que alimenta ahora los blogs y sitios webs de fotos antiguas en bastantes capitales espa\u00f1olas. Internet y las redes sociales favorecen la recuperaci\u00f3n y difusi\u00f3n de un patrimonio en el que muchas veces no se repara precisamente por tenerlo cercano, por tratarse de espacios que se han ido transformando tan en silencio que su metamorfosis nos result\u00f3 casi inadvertida.<\/p>\n<p>Por eso ahora \u2013al contrario de lo que ocurri\u00f3 en las d\u00e9cadas del desarrollismo desbocado\u2013 en el instante en que se percibe el m\u00ednimo cambio, la apertura de nuevos espacios urban\u00edsticos, la construcci\u00f3n de bloques en cualquier solar, r\u00e1pidamente se observa a un \u2018ej\u00e9rcito\u2019 de curiosos armados con sus tel\u00e9fonos m\u00f3viles para dejar constancia documental de c\u00f3mo era ayer ese lugar y c\u00f3mo es hoy.<\/p>\n<!-- AddThis Advanced Settings generic via filter on the_content --><!-- AddThis Share Buttons generic via filter on the_content -->","protected":false},"excerpt":{"rendered":"<p>Cerca de donde vivo hay un solar que lleva muchos a\u00f1os cercado por una red met\u00e1lica, y listo para que se construya en \u00e9l. Creo que ya le lleg\u00f3 su hora: el movimiento de tierras concita curiosidad y atrae espectadores. \u00ab\u00bfHa visto usted c\u00f3mo ha cambiado esto en dos d\u00edas?\u00bb, comenta una vecina ante el [&hellip;]<!-- AddThis Advanced Settings generic via filter on get_the_excerpt --><!-- AddThis Share Buttons generic via filter on get_the_excerpt --><\/p>\n","protected":false},"author":13,"featured_media":0,"comment_status":"open","ping_status":"closed","sticky":false,"template":"","format":"standard","meta":[],"categories":[1],"tags":[1808,179,1617,497,1807],"_links":{"self":[{"href":"https:\/\/blogs.hoy.es\/Juandomingofernandez\/wp-json\/wp\/v2\/posts\/987"}],"collection":[{"href":"https:\/\/blogs.hoy.es\/Juandomingofernandez\/wp-json\/wp\/v2\/posts"}],"about":[{"href":"https:\/\/blogs.hoy.es\/Juandomingofernandez\/wp-json\/wp\/v2\/types\/post"}],"author":[{"embeddable":true,"href":"https:\/\/blogs.hoy.es\/Juandomingofernandez\/wp-json\/wp\/v2\/users\/13"}],"replies":[{"embeddable":true,"href":"https:\/\/blogs.hoy.es\/Juandomingofernandez\/wp-json\/wp\/v2\/comments?post=987"}],"version-history":[{"count":1,"href":"https:\/\/blogs.hoy.es\/Juandomingofernandez\/wp-json\/wp\/v2\/posts\/987\/revisions"}],"predecessor-version":[{"id":988,"href":"https:\/\/blogs.hoy.es\/Juandomingofernandez\/wp-json\/wp\/v2\/posts\/987\/revisions\/988"}],"wp:attachment":[{"href":"https:\/\/blogs.hoy.es\/Juandomingofernandez\/wp-json\/wp\/v2\/media?parent=987"}],"wp:term":[{"taxonomy":"category","embeddable":true,"href":"https:\/\/blogs.hoy.es\/Juandomingofernandez\/wp-json\/wp\/v2\/categories?post=987"},{"taxonomy":"post_tag","embeddable":true,"href":"https:\/\/blogs.hoy.es\/Juandomingofernandez\/wp-json\/wp\/v2\/tags?post=987"}],"curies":[{"name":"wp","href":"https:\/\/api.w.org\/{rel}","templated":true}]}}