{"id":989,"date":"2019-10-31T09:56:54","date_gmt":"2019-10-31T08:56:54","guid":{"rendered":"http:\/\/blogs.hoy.es\/Juandomingofernandez\/?p=989"},"modified":"2019-10-31T09:56:54","modified_gmt":"2019-10-31T08:56:54","slug":"si-te-zumba-el-oido-y-el-big-data","status":"publish","type":"post","link":"https:\/\/blogs.hoy.es\/Juandomingofernandez\/2019\/10\/31\/si-te-zumba-el-oido-y-el-big-data\/","title":{"rendered":"Si te zumba el o\u00eddo y el &#8216;big data&#8217;"},"content":{"rendered":"<p>A finales del siglo pasado se hizo muy famosa una pintada que esbozaba al mismo tiempo una llamada de alarma y un relato de misterio: \u00abSi te zumba el o\u00eddo te escucha con l\u00e1ser la Nasa\u00bb. Algunos ver\u00e1n ahora cierta similitud entre aquel anticipo conspiratorio \u2013m\u00e1s pr\u00f3ximo al \u2018Celtiberia show\u2019 de Carandell que a las denuncias de Edward Snowden\u2013 en la decisi\u00f3n del Instituto Nacional de Estad\u00edstica (INE) de analizar durante ocho d\u00edas todos los tel\u00e9fonos m\u00f3viles de Espa\u00f1a, con datos agregados, de forma an\u00f3nima, para averiguar cifras y detalles sobre desplazamientos de la poblaci\u00f3n, lugares en los que tienen su domicilio y en los que pernoctan, localidades a las que se desplazan en Navidad o en determinados fines de semana en verano; cu\u00e1l es la poblaci\u00f3n flotante de distintas localidades en horas concretas y otros datos que faciliten una mejor gesti\u00f3n de infraestructuras de transportes, de necesidades en materia de sanidad, colegios\u2026 A trav\u00e9s del \u2018big data\u2019 el INE podr\u00e1 ahorrar muchos millones de euros que de otra forma tendr\u00eda que destinar a encuestadores.<\/p>\n<p>A m\u00ed me parece de perlas esta iniciativa del INE y tampoco me suscita especiales reticencias la posible ausencia de anonimato. Si acaso, mi discrepancia se refiere a las fechas elegidas (seg\u00fan \u2018El Pa\u00eds\u2019, cuatro d\u00edas laborables de noviembre, del 18 al 21; dos d\u00edas de verano: 20 de julio y 15 de agosto; el 25 de diciembre y el pr\u00f3ximo 24 de noviembre, domingo). En vez de esas fechas, a m\u00ed me gustar\u00eda que se hubiese elegido, por ejemplo, tal d\u00eda como hoy, 31 de octubre, v\u00edspera de Todos los Santos o pasado ma\u00f1ana, d\u00eda de los Fieles Difuntos. Y que el estudio \u2018rastreara\u2019 los desplazamientos de los m\u00f3viles a los cementerios de la Espa\u00f1a rural y despoblada, a ver cu\u00e1ntos emigrantes acuden como Pedro P\u00e1ramo a la fantasmal Comala en busca de sus muertos.<\/p>\n<p>C\u00f3mo me gustar\u00eda disponer del suficiente poder de convocatoria para conseguir \u2018modificar\u2019 los datos de esa encuesta. Conseguir, por ejemplo, que la gente viajara masivamente en las fechas que se acordasen a las comarcas de la Espa\u00f1a olvidada y, al menos as\u00ed, que se visualizara la necesidad de trenes, de hospitales, de colegios, de industrias, para no dejar morir todos esos territorios por consunci\u00f3n.<\/p>\n<p>Ya puestos, a m\u00ed me gustar\u00eda tambi\u00e9n que el \u2018big data\u2019 facilitara asimismo (igual que conoce a qu\u00e9 entidad financiera nos conectamos, a qu\u00e9 grandes superficies acudimos, en qu\u00e9 colegio electoral votamos) que facilitara, dec\u00eda, cu\u00e1ntos \u2018desoficiados\u2019 se concentran semanalmente para \u2018apretar\u2019 en los CDR siguiendo las consignas del \u2018proc\u00e9s\u2019; cu\u00e1ntos cientos de \u2018desoficiados\u2019 y durante cu\u00e1ntos d\u00edas, se dedican a impedir que los trabajadores puedan acceder a sus centros de trabajo, a las estaciones de viajeros o los estudiantes a sus aulas.<\/p>\n<p>En cualquier caso, me parece que todo esto de la miner\u00eda de datos, ahora que celebramos los 50 a\u00f1os del primer mensaje en Internet, hay que tom\u00e1rselo con sentido del humor, como verdaderos militantes de la verdadera revoluci\u00f3n de las sonrisas, no como esos revolucionarios de las \u2018fakes news\u2019, que aplican la sonrisa para la parte ancha del embudo, la suya, pero dejan la estrecha para el resto. Aunque te zumbe el o\u00eddo.<\/p>\n<!-- AddThis Advanced Settings generic via filter on the_content --><!-- AddThis Share Buttons generic via filter on the_content -->","protected":false},"excerpt":{"rendered":"<p>A finales del siglo pasado se hizo muy famosa una pintada que esbozaba al mismo tiempo una llamada de alarma y un relato de misterio: \u00abSi te zumba el o\u00eddo te escucha con l\u00e1ser la Nasa\u00bb. Algunos ver\u00e1n ahora cierta similitud entre aquel anticipo conspiratorio \u2013m\u00e1s pr\u00f3ximo al \u2018Celtiberia show\u2019 de Carandell que a las [&hellip;]<!-- AddThis Advanced Settings generic via filter on get_the_excerpt --><!-- AddThis Share Buttons generic via filter on get_the_excerpt --><\/p>\n","protected":false},"author":13,"featured_media":0,"comment_status":"open","ping_status":"closed","sticky":false,"template":"","format":"standard","meta":[],"categories":[1],"tags":[1508,1809,319,335,1810,422,1811],"_links":{"self":[{"href":"https:\/\/blogs.hoy.es\/Juandomingofernandez\/wp-json\/wp\/v2\/posts\/989"}],"collection":[{"href":"https:\/\/blogs.hoy.es\/Juandomingofernandez\/wp-json\/wp\/v2\/posts"}],"about":[{"href":"https:\/\/blogs.hoy.es\/Juandomingofernandez\/wp-json\/wp\/v2\/types\/post"}],"author":[{"embeddable":true,"href":"https:\/\/blogs.hoy.es\/Juandomingofernandez\/wp-json\/wp\/v2\/users\/13"}],"replies":[{"embeddable":true,"href":"https:\/\/blogs.hoy.es\/Juandomingofernandez\/wp-json\/wp\/v2\/comments?post=989"}],"version-history":[{"count":1,"href":"https:\/\/blogs.hoy.es\/Juandomingofernandez\/wp-json\/wp\/v2\/posts\/989\/revisions"}],"predecessor-version":[{"id":990,"href":"https:\/\/blogs.hoy.es\/Juandomingofernandez\/wp-json\/wp\/v2\/posts\/989\/revisions\/990"}],"wp:attachment":[{"href":"https:\/\/blogs.hoy.es\/Juandomingofernandez\/wp-json\/wp\/v2\/media?parent=989"}],"wp:term":[{"taxonomy":"category","embeddable":true,"href":"https:\/\/blogs.hoy.es\/Juandomingofernandez\/wp-json\/wp\/v2\/categories?post=989"},{"taxonomy":"post_tag","embeddable":true,"href":"https:\/\/blogs.hoy.es\/Juandomingofernandez\/wp-json\/wp\/v2\/tags?post=989"}],"curies":[{"name":"wp","href":"https:\/\/api.w.org\/{rel}","templated":true}]}}