{"id":994,"date":"2019-11-14T10:23:14","date_gmt":"2019-11-14T09:23:14","guid":{"rendered":"http:\/\/blogs.hoy.es\/Juandomingofernandez\/?p=994"},"modified":"2019-11-14T10:23:14","modified_gmt":"2019-11-14T09:23:14","slug":"resignacion","status":"publish","type":"post","link":"https:\/\/blogs.hoy.es\/Juandomingofernandez\/2019\/11\/14\/resignacion\/","title":{"rendered":"Resignaci\u00f3n"},"content":{"rendered":"<p>La secci\u00f3n de efem\u00e9rides nos recuerda que el 13 de noviembre de 1985 entr\u00f3 en erupci\u00f3n el volc\u00e1n Nevado del Ruiz, en Colombia, que fundi\u00f3 miles de toneladas del glaciar de la monta\u00f1a y provoc\u00f3 a su vez una avalancha colosal de lodo y escombros que acab\u00f3 con la vida de m\u00e1s de 20.000 personas. La tragedia del Nevado del Ruiz tuvo un protagonista involuntario: la ni\u00f1a de 13 a\u00f1os Omaira S\u00e1nchez, atrapada entre los restos de su casa \u2013desplazados muchos metros por la avalancha de barro\u2013 donde resisti\u00f3 casi tres d\u00edas mientras las c\u00e1maras de televisi\u00f3n y los fot\u00f3grafos de prensa grabaron, impotentes, sus esfuerzos por sobrevivir.<\/p>\n<p>Omaira S\u00e1nchez conmovi\u00f3 al mundo porque en aquella trampa que se convertir\u00eda en su tumba, demostr\u00f3 una excepcional generosidad, valent\u00eda y entereza. En vez de derrumbarse con debilidad infantil, guardaba fuerzas para animar a otras personas. \u00abV\u00e1yanse a descansar y despu\u00e9s me sacan a m\u00ed\u00bb, lleg\u00f3 a decirles a los voluntarios y socorristas que buscaban a supervivientes de la tragedia.<\/p>\n<p>Creo que pocos testimonios resultan m\u00e1s enternecedores y dolorosos que los de Omaira S\u00e1nchez amarrada al palo que colocaron sobre el charco para que pudiera sostenerse y respirar. \u00abYo vivo porque tengo que vivir; apenas tengo 13 a\u00f1os\u00bb, razonaba ante los periodistas. Cuentan algunos testigos que a ratos rezaba y \u2013quiz\u00e1s ya con la cabeza perdida por el agotamiento\u2013 coment\u00f3 que se le iba a hacer tarde\u2026 para ir al colegio. Temple frente a la adversidad. La fuerza de la esperanza.<\/p>\n<p>\u00ab\u00bfPuedo decir unas palabras\u00bb, interrog\u00f3 al c\u00e1mara de TVE Evaristo Ca\u00f1ete. Y comenz\u00f3 a hablar cuando el agua le llegaba a los labios, medio hundida, como un n\u00e1ufrago que lanza la botella al mar con su \u00faltimo mensaje: \u00abMam\u00e1, si me escuchas, yo creo que s\u00ed, reza para que yo pueda caminar y esta gente me ayude. Mami, te quiere mucho; Papi, hermanos, yo. Adi\u00f3s, madre\u00bb. Ojos enrojecidos y una mirada triste, sin sombra de odio.<\/p>\n<p>Yo creo que la imagen de Omaira S\u00e1nchez es la de la entereza, la de una ni\u00f1a atrapada en un charco letal mientras los socorristas le hablan y se quedan con ella por la noche, intentando mover, incluso con un peque\u00f1o helic\u00f3ptero, las piezas de construcci\u00f3n que le aprisionaban, o extrayendo desesperadamente el agua que segu\u00eda acumul\u00e1ndose.<\/p>\n<p>Los esfuerzos al final, infructuosos. Omaira S\u00e1nchez muri\u00f3 tras una agon\u00eda de casi 72 horas, el 16 de noviembre de 1985. M\u00e1s de tres d\u00e9cadas despu\u00e9s el lugar se ha convertido en centro de veneraci\u00f3n, repleto de placas de devotos que le agradecen favores recibidos y reclaman que sea declarada santa. Su tr\u00e1gica muerte convirti\u00f3 a Omaira en s\u00edmbolo de entereza y de resignaci\u00f3n. \u00a1Ah, la resignaci\u00f3n! En el resto del mundo, sin embargo, caus\u00f3 asombro la fatalidad de la naturaleza, pero tambi\u00e9n la falta de medios t\u00e9cnicos y humanos para salvarla. Quiz\u00e1s por eso, en este noviembre poselectoral, m\u00e1s que en la resignaci\u00f3n que simboliza Omaira, pienso en aquella resignaci\u00f3n contra la que nos previene Octavio Paz: \u00abNing\u00fan pueblo cree en su Gobierno. A lo sumo, los pueblos est\u00e1n resignados\u00bb. \u00bfSer\u00e1 verdad?<\/p>\n<!-- AddThis Advanced Settings generic via filter on the_content --><!-- AddThis Share Buttons generic via filter on the_content -->","protected":false},"excerpt":{"rendered":"<p>La secci\u00f3n de efem\u00e9rides nos recuerda que el 13 de noviembre de 1985 entr\u00f3 en erupci\u00f3n el volc\u00e1n Nevado del Ruiz, en Colombia, que fundi\u00f3 miles de toneladas del glaciar de la monta\u00f1a y provoc\u00f3 a su vez una avalancha colosal de lodo y escombros que acab\u00f3 con la vida de m\u00e1s de 20.000 personas. [&hellip;]<!-- AddThis Advanced Settings generic via filter on get_the_excerpt --><!-- AddThis Share Buttons generic via filter on get_the_excerpt --><\/p>\n","protected":false},"author":13,"featured_media":0,"comment_status":"open","ping_status":"closed","sticky":false,"template":"","format":"standard","meta":[],"categories":[1],"tags":[319,1816,1622,1814,1015,1815],"_links":{"self":[{"href":"https:\/\/blogs.hoy.es\/Juandomingofernandez\/wp-json\/wp\/v2\/posts\/994"}],"collection":[{"href":"https:\/\/blogs.hoy.es\/Juandomingofernandez\/wp-json\/wp\/v2\/posts"}],"about":[{"href":"https:\/\/blogs.hoy.es\/Juandomingofernandez\/wp-json\/wp\/v2\/types\/post"}],"author":[{"embeddable":true,"href":"https:\/\/blogs.hoy.es\/Juandomingofernandez\/wp-json\/wp\/v2\/users\/13"}],"replies":[{"embeddable":true,"href":"https:\/\/blogs.hoy.es\/Juandomingofernandez\/wp-json\/wp\/v2\/comments?post=994"}],"version-history":[{"count":1,"href":"https:\/\/blogs.hoy.es\/Juandomingofernandez\/wp-json\/wp\/v2\/posts\/994\/revisions"}],"predecessor-version":[{"id":995,"href":"https:\/\/blogs.hoy.es\/Juandomingofernandez\/wp-json\/wp\/v2\/posts\/994\/revisions\/995"}],"wp:attachment":[{"href":"https:\/\/blogs.hoy.es\/Juandomingofernandez\/wp-json\/wp\/v2\/media?parent=994"}],"wp:term":[{"taxonomy":"category","embeddable":true,"href":"https:\/\/blogs.hoy.es\/Juandomingofernandez\/wp-json\/wp\/v2\/categories?post=994"},{"taxonomy":"post_tag","embeddable":true,"href":"https:\/\/blogs.hoy.es\/Juandomingofernandez\/wp-json\/wp\/v2\/tags?post=994"}],"curies":[{"name":"wp","href":"https:\/\/api.w.org\/{rel}","templated":true}]}}