{"id":998,"date":"2019-11-21T11:18:16","date_gmt":"2019-11-21T10:18:16","guid":{"rendered":"http:\/\/blogs.hoy.es\/Juandomingofernandez\/?p=998"},"modified":"2019-11-21T11:18:16","modified_gmt":"2019-11-21T10:18:16","slug":"el-museo-de-todos","status":"publish","type":"post","link":"https:\/\/blogs.hoy.es\/Juandomingofernandez\/2019\/11\/21\/el-museo-de-todos\/","title":{"rendered":"El museo de todos"},"content":{"rendered":"<p>A mis veintitantos a\u00f1os, las ma\u00f1anas de los domingos madrile\u00f1os inclu\u00edan, casi siempre, visitas a la Cuesta Moyano y al <strong>Museo del Prado<\/strong>. En la banda sonora de aquellos d\u00edas resuenan los versos de Pablo Guerrero: \u00abHoy que te amo dejar\u00e1 de ser \/ la libertad una palabra escrita en la pared\u00bb, acaso porque esa canci\u00f3n nos traslada tambi\u00e9n al museo que ahora celebra su bicentenario: \u00abEstaba yo, \u00bfte acuerdas?, cant\u00e1ndote estas cosas \/ junto a la puerta del Museo del Prado. \/ Un hombre se acercaba, muy amable nos dijo: \/ \u201cEst\u00e1 prohibido que est\u00e9n aqu\u00ed sentados\u201d\u00bb.<\/p>\n<p>El programa \u2018Ahora Extremadura\u2019, de la televisi\u00f3n auton\u00f3mica, emiti\u00f3 el pasado martes una encuesta donde preguntaba a doce personas de edades muy distintas si hab\u00edan ido alguna vez al Museo del Prado y si lo sent\u00edan cercano\u2026 o les quedaba lejos. M\u00e1s all\u00e1 de las razones expuestas, las cifras del sondeo me parecen reveladoras: ocho contestaron que \u2018no\u2019 lo hab\u00edan visitado, mientras cuatro dijeron que \u2018s\u00ed\u2019, y estar dispuestas a visitarlo de nuevo. Curiosamente, quien mostr\u00f3 m\u00e1s entusiasmo era una mujer con rasgos asi\u00e1ticos y acento extranjero. En ese momento me acord\u00e9 de la frase de Manuel Aza\u00f1a: \u00abEl Museo del Prado es m\u00e1s importante para Espa\u00f1a que la Rep\u00fablica y la Monarqu\u00eda juntas\u00bb. Y tambi\u00e9n me acord\u00e9 del <strong>extreme\u00f1o Timoteo P\u00e9rez Rubio<\/strong>, a quien Aza\u00f1a encomend\u00f3 poner a salvo de los bombardeos de la guerra las obras de la pinacoteca madrile\u00f1a a trav\u00e9s de la Junta de Defensa del Tesoro Art\u00edstico, como bien rememoraba ayer en HOY \u00c1ngela Murillo con su reportaje \u2018<a href=\"https:\/\/www.hoy.es\/extremadura\/extremeno-salvo-tesoro-museoprado-20191119114813-nt.html\">El extreme\u00f1o que salv\u00f3 el tesoro del Prado<\/a>\u2019. El propio museo reproduce en su magn\u00edfica web las palabras que Ram\u00f3n Gaya escribe \u2013todav\u00eda desde el exilio\u2013 en el ensayo \u2018Roca espa\u00f1ola\u2019: \u00abCuando desde lejos se piensa en el Prado, este no se presenta nunca como un museo, sino como una especie de patria\u00bb, vinculando la palabra patria con un lugar que suscita sentimientos de pertenencia.<\/p>\n<p>Supongo que al igual que ocurre con la m\u00fasica o con los libros, el paso del tiempo hace que cambie nuestra pasi\u00f3n por algunas obras. En mis primeras visitas al Museo del Prado siempre dedicaba un rato a las \u2018pinturas negras\u2019 de Goya, incluidas \u2018Perro semihundido\u2019, tan inquietante y \u2018Duelo a garrotazos\u2019, tan pesimista. Y tambi\u00e9n a los cuadros de El Bosco y \u2018Las Meninas\u2019. Digamos que esas obras eran fijas. Despu\u00e9s los itinerarios se hicieron m\u00e1s azarosos: desde el \u2018Descendimiento\u2019 de Van der Weyden hasta \u2018La anunciaci\u00f3n\u2019, de Fra Ang\u00e9lico, pasando por Vel\u00e1zquez, El Greco, Zurbar\u00e1n.<\/p>\n<p>Sin embargo, al Museo del Prado le debo adem\u00e1s de sus joyas permanentes, el regalo de grandes antol\u00f3gicas como la dedicada a Vel\u00e1zquez en 1990; \u2018El siglo de Rembrandt\u2019, en 1985, cuando se pudo admirar por primera vez en Espa\u00f1a \u2018La joven de la perla\u2019, de Vermeer; o en 2003 la apabullante \u2018Vermeer y el interior holand\u00e9s\u2019, con esa obra maestra tan admirada por Dal\u00ed y titulada \u2018El arte de la pintura\u2019. M\u00e1s los homenajes a Rubens, El Bosco, Fortuny, Sorolla, al retrato espa\u00f1ol, al bodeg\u00f3n en el Prado\u2026 Un patrimonio de todos que nos enriquece desde hace dos siglos.<\/p>\n<!-- AddThis Advanced Settings generic via filter on the_content --><!-- AddThis Share Buttons generic via filter on the_content -->","protected":false},"excerpt":{"rendered":"<p>A mis veintitantos a\u00f1os, las ma\u00f1anas de los domingos madrile\u00f1os inclu\u00edan, casi siempre, visitas a la Cuesta Moyano y al Museo del Prado. En la banda sonora de aquellos d\u00edas resuenan los versos de Pablo Guerrero: \u00abHoy que te amo dejar\u00e1 de ser \/ la libertad una palabra escrita en la pared\u00bb, acaso porque esa [&hellip;]<!-- AddThis Advanced Settings generic via filter on get_the_excerpt --><!-- AddThis Share Buttons generic via filter on get_the_excerpt --><\/p>\n","protected":false},"author":13,"featured_media":0,"comment_status":"open","ping_status":"closed","sticky":false,"template":"","format":"standard","meta":[],"categories":[1],"tags":[1820,103,1817,1819,307,422,884,943,1702,1818],"_links":{"self":[{"href":"https:\/\/blogs.hoy.es\/Juandomingofernandez\/wp-json\/wp\/v2\/posts\/998"}],"collection":[{"href":"https:\/\/blogs.hoy.es\/Juandomingofernandez\/wp-json\/wp\/v2\/posts"}],"about":[{"href":"https:\/\/blogs.hoy.es\/Juandomingofernandez\/wp-json\/wp\/v2\/types\/post"}],"author":[{"embeddable":true,"href":"https:\/\/blogs.hoy.es\/Juandomingofernandez\/wp-json\/wp\/v2\/users\/13"}],"replies":[{"embeddable":true,"href":"https:\/\/blogs.hoy.es\/Juandomingofernandez\/wp-json\/wp\/v2\/comments?post=998"}],"version-history":[{"count":1,"href":"https:\/\/blogs.hoy.es\/Juandomingofernandez\/wp-json\/wp\/v2\/posts\/998\/revisions"}],"predecessor-version":[{"id":999,"href":"https:\/\/blogs.hoy.es\/Juandomingofernandez\/wp-json\/wp\/v2\/posts\/998\/revisions\/999"}],"wp:attachment":[{"href":"https:\/\/blogs.hoy.es\/Juandomingofernandez\/wp-json\/wp\/v2\/media?parent=998"}],"wp:term":[{"taxonomy":"category","embeddable":true,"href":"https:\/\/blogs.hoy.es\/Juandomingofernandez\/wp-json\/wp\/v2\/categories?post=998"},{"taxonomy":"post_tag","embeddable":true,"href":"https:\/\/blogs.hoy.es\/Juandomingofernandez\/wp-json\/wp\/v2\/tags?post=998"}],"curies":[{"name":"wp","href":"https:\/\/api.w.org\/{rel}","templated":true}]}}