{"id":77,"date":"2017-03-12T12:18:22","date_gmt":"2017-03-12T11:18:22","guid":{"rendered":"http:\/\/blogs.hoy.es\/alla-peliculas\/?p=77"},"modified":"2017-03-12T12:18:22","modified_gmt":"2017-03-12T11:18:22","slug":"las-edades-de-king-kong","status":"publish","type":"post","link":"https:\/\/blogs.hoy.es\/alla-peliculas\/2017\/03\/12\/las-edades-de-king-kong\/","title":{"rendered":"LAS EDADES DE  KING KONG"},"content":{"rendered":"<p><a href=\"http:\/\/2.bp.blogspot.com\/-hJA-x9nUKIU\/U_TN0qkGh1I\/AAAAAAAAOLU\/rIBJVm1avHE\/s1600\/29340633.jpg\" rel=\"external nofollow\"><img loading=\"lazy\" class=\"alignnone\" src=\"\/\/2.bp.blogspot.com\/-hJA-x9nUKIU\/U_TN0qkGh1I\/AAAAAAAAOLU\/rIBJVm1avHE\/s1600\/29340633.jpg\" alt=\"\" width=\"405\" height=\"760\" \/><\/a><\/p>\n<p><strong>Hasta hace unos a\u00f1os estuvo por casa uno de esos mu\u00f1ecos de los calzados Gorila. No fueron los aviones ni el amor hacia una rubia los que acabaron con \u00e9l, sino la carcoma<\/strong>. Cuando mi hijo era peque\u00f1o lo hac\u00eda pelear contra los airgam boys y los micro machines. Dicho simio, a principios de los sesenta, serv\u00eda como expositor de aquellos zapatos inseparables del uniforme del colegio con los que regalaban una pelota verde que us\u00e1bamos para jugar al front\u00f3n. Los zapatos y botas que mis padres nos compraban en M\u00e9rida, en calzados Mateos o en Sud\u00f3n.<\/p>\n<p>Era evidente su relaci\u00f3n con el<a href=\"http:\/\/www.filmaffinity.com\/es\/film802202.html\" rel=\"external nofollow\"> King Kong <\/a>de Harryhausen y Schoedack, un t\u00edtulo que todas las generaciones hemos visto, siempre en televisi\u00f3n, pero que, al igual que Tarz\u00e1n, ha sufrido diversos avatares en forma de secuelas, revisiones y \u201creboots\u201d.\u00a0 Aparte del inmortal t\u00edtulo fundacional, recuerdo otra de los mismos autores, <a href=\"http:\/\/www.filmaffinity.com\/es\/film100569.html\" rel=\"external nofollow\">\u201cEl gran gorila<\/a>\u201d, en la que el mono era m\u00e1s peque\u00f1o y vulnerable si cabe, que el rey Kong. Tampoco hay que olvidar un c\u00f3mic ingl\u00e9s, aunque de autor espa\u00f1ol, aqu\u00ed editado por V\u00e9rtice, \u00a0<a href=\"https:\/\/es.wikipedia.org\/wiki\/Mytek_el_Poderoso\" rel=\"external nofollow\">\u201cMytek el poderoso<\/a>\u201d, que enlazaba con el g\u00e9nero japon\u00e9s de monstruos semirob\u00f3ticos.<\/p>\n<p><a href=\"http:\/\/www.fotogramas.es\/var\/ezflow_site\/storage\/images\/noticias-cine\/kong-la-isla-calavera-nuevo-trailer\/119713729-1-esl-ES\/Kong-La-isla-calavera-El-tamano-si-importa-en-el-nuevo-trailer_landscape.jpg\" rel=\"external nofollow\"><img loading=\"lazy\" class=\"alignnone\" src=\"\/\/www.fotogramas.es\/var\/ezflow_site\/storage\/images\/noticias-cine\/kong-la-isla-calavera-nuevo-trailer\/119713729-1-esl-ES\/Kong-La-isla-calavera-El-tamano-si-importa-en-el-nuevo-trailer_landscape.jpg\" alt=\"\" width=\"600\" height=\"417\" \/><\/a><\/p>\n<p>Les evito el comentario acerca de remakes posteriores como los de John Guillermin, Peter Jackson e incluso Marco Ferreri y me centro en <strong>\u201cKong. La isla de la calavera\u201d, en cuya proyecci\u00f3n me sorprenden de nuevo los conocimientos de los ni\u00f1os espectadores, esperando a que acaben los t\u00edtulos de cr\u00e9dito, con la magn\u00edfica m\u00fasica de Henry Jackman, un evidente admirador de Goldsmith, para ver la t\u00edpica secuencia ep\u00edlogo en la que se alude a Mothra, Godzilla y compa\u00f1\u00eda. Los chavales se conocen todo ese material sesentero.<\/strong><\/p>\n<p>En cuanto a la pel\u00edcula me imagino que la idea base del gui\u00f3n parte de relacionar a <strong>Kong con Viet Cong<\/strong>, y a partir de ah\u00ed todo viene dado. Finales de la guerra de Vietnam, soldados quemados por la derrota -\u201cno perdimos la guerra, nos retiramos\u201d, dice el personaje interpretado por Samuel L. Jackson- y <strong>\u201cApocalypse Now\u201d<\/strong> como referente ic\u00f3nico, argumental y musical. Y esa no creo que la conozcan los j\u00f3venes espectadores a los que antes alud\u00eda.<\/p>\n<p>Los dem\u00e1s ingredientes son del tipo \u201cDepredador\u201d, \u201cParque Jur\u00e1sico\u201d y una ideolog\u00eda pol\u00edticamente correcta acerca del equilibrio ecol\u00f3gico, el respeto \u00e9tnico y la eliminaci\u00f3n de los connotaciones zoof\u00edlicas del original.<\/p>\n<p>O sea que todos nos quedamos a gusto. Los chavales, porque saben desde el principio que el gran simio es el dios bueno que nos defiende de los monstruos de la Tierra Hueca (la famosa teor\u00eda paracient\u00edfica de los nazis) y \u00a0que la ciencia y la conservaci\u00f3n de las especies est\u00e1n por encima de la violencia militar. Los mayores porque nos gusta la parodia que John C. Reilly hace del\u00a0 general Kurtz, por los planos de los helic\u00f3pteros sobre un sol inmenso y unos paisaje espectaculares y, aunque no suene \u201cLa cabalgata de las Walkirias\u201d (hubiera sido demasiado obvio),<strong> hay m\u00fasica de los Creedence, de los Hollies y de Jefferson Airplane.<\/strong><\/p>\n<p>Despu\u00e9s de Kong en el Empire State vendr\u00edan los gorilas de &#8220;El planeta de los simios&#8221;, una novela que me recomend\u00f3 mi abuelo bastantes a\u00f1os antes de que se rodara la pel\u00edcula, pero esa es otra historia.<\/p>\n<p>&nbsp;<\/p>\n<p>&nbsp;<\/p>\n<p>&nbsp;<\/p>\n<p>&nbsp;<\/p>\n<!-- AddThis Advanced Settings generic via filter on the_content --><!-- AddThis Share Buttons generic via filter on the_content -->","protected":false},"excerpt":{"rendered":"<p>Hasta hace unos a\u00f1os estuvo por casa uno de esos mu\u00f1ecos de los calzados Gorila. No fueron los aviones ni el amor hacia una rubia los que acabaron con \u00e9l, sino la carcoma. Cuando mi hijo era peque\u00f1o lo hac\u00eda pelear contra los airgam boys y los micro machines. Dicho simio, a principios de los [&hellip;]<!-- AddThis Advanced Settings generic via filter on get_the_excerpt --><!-- AddThis Share Buttons generic via filter on get_the_excerpt --><\/p>\n","protected":false},"author":143,"featured_media":0,"comment_status":"open","ping_status":"closed","sticky":false,"template":"","format":"standard","meta":[],"categories":[2],"tags":[190,192,194,197,199,200,203,204],"_links":{"self":[{"href":"https:\/\/blogs.hoy.es\/alla-peliculas\/wp-json\/wp\/v2\/posts\/77"}],"collection":[{"href":"https:\/\/blogs.hoy.es\/alla-peliculas\/wp-json\/wp\/v2\/posts"}],"about":[{"href":"https:\/\/blogs.hoy.es\/alla-peliculas\/wp-json\/wp\/v2\/types\/post"}],"author":[{"embeddable":true,"href":"https:\/\/blogs.hoy.es\/alla-peliculas\/wp-json\/wp\/v2\/users\/143"}],"replies":[{"embeddable":true,"href":"https:\/\/blogs.hoy.es\/alla-peliculas\/wp-json\/wp\/v2\/comments?post=77"}],"version-history":[{"count":0,"href":"https:\/\/blogs.hoy.es\/alla-peliculas\/wp-json\/wp\/v2\/posts\/77\/revisions"}],"wp:attachment":[{"href":"https:\/\/blogs.hoy.es\/alla-peliculas\/wp-json\/wp\/v2\/media?parent=77"}],"wp:term":[{"taxonomy":"category","embeddable":true,"href":"https:\/\/blogs.hoy.es\/alla-peliculas\/wp-json\/wp\/v2\/categories?post=77"},{"taxonomy":"post_tag","embeddable":true,"href":"https:\/\/blogs.hoy.es\/alla-peliculas\/wp-json\/wp\/v2\/tags?post=77"}],"curies":[{"name":"wp","href":"https:\/\/api.w.org\/{rel}","templated":true}]}}