{"id":143,"name":"Alejandro Pach\u00f3n Ram\u00edrez","url":"","description":"Soy director en Historia del Arte, especializado en M\u00fasica de Cine, cr\u00edtico de cine, y director del Festival Ib\u00e9rico de Cine de Badajoz. \nRetomo este blog con la intenci\u00f3n de ofrecer de forma amena mi experiencia como historiador y cr\u00edtico de cine y televisi\u00f3n, tanto en lo que respecta a la actualidad audiovisual reciente y futura, como al mont\u00f3n de vivencias relacionadas con el tema que en la segunda mitad del siglo pasado vivimos los de mi generaci\u00f3n. No olvidar\u00e9 aspectos perif\u00e9ricos e inseparables del cine comercial y las series de televisi\u00f3n como los video juegos o los c\u00f3mics. En resumen, todo ese universo iconogr\u00e1fico que llena nuestros ocios e inquietudes, convirti\u00e9ndonos en \u201cfans\u201d, \u201cfreaks\u201d o, sencillamente, en espectadores.","link":"https:\/\/blogs.hoy.es\/alla-peliculas\/author\/apachon\/","slug":"apachon","avatar_urls":{"24":"https:\/\/secure.gravatar.com\/avatar\/e0a638ea6c4fe6f5375b1af4690c5614?s=24&d=mm&r=g","48":"https:\/\/secure.gravatar.com\/avatar\/e0a638ea6c4fe6f5375b1af4690c5614?s=48&d=mm&r=g","96":"https:\/\/secure.gravatar.com\/avatar\/e0a638ea6c4fe6f5375b1af4690c5614?s=96&d=mm&r=g"},"meta":[],"_links":{"self":[{"href":"https:\/\/blogs.hoy.es\/alla-peliculas\/wp-json\/wp\/v2\/users\/143"}],"collection":[{"href":"https:\/\/blogs.hoy.es\/alla-peliculas\/wp-json\/wp\/v2\/users"}]}}