{"id":17,"date":"2012-04-25T18:36:22","date_gmt":"2012-04-25T18:36:22","guid":{"rendered":"http:\/\/blogs.hoy.es\/badajozdehoy\/?p=17"},"modified":"2012-04-25T18:36:22","modified_gmt":"2012-04-25T18:36:22","slug":"la-firma-de-la-verguenza","status":"publish","type":"post","link":"https:\/\/blogs.hoy.es\/badajozdehoy\/2012\/04\/25\/la-firma-de-la-verguenza\/","title":{"rendered":"La firma de la verg\u00fcenza"},"content":{"rendered":"<p style=\"text-align: left;\"><a href=\"\/badajozdehoy\/wp-content\/uploads\/sites\/31\/2012\/04\/pintada1.jpeg\"><img loading=\"lazy\" class=\"aligncenter size-full wp-image-20\" title=\"pintada\" src=\"\/badajozdehoy\/wp-content\/uploads\/sites\/31\/2012\/04\/pintada1.jpeg\" alt=\"\" width=\"448\" height=\"297\" srcset=\"https:\/\/static-blogs.hoy.es\/wp-content\/uploads\/sites\/31\/2012\/04\/pintada1.jpeg 448w, https:\/\/static-blogs.hoy.es\/wp-content\/uploads\/sites\/31\/2012\/04\/pintada1-300x199.jpeg 300w\" sizes=\"(max-width: 448px) 100vw, 448px\" \/><\/a><\/p>\n<p style=\"text-align: right;\"><strong>Por Tania Ag\u00fandez<\/strong><\/p>\n<p>Nunca una firma hab\u00eda provocado tanta verg\u00fcenza. Los pacenses estamos acostumbrados a ver c\u00f3mo un grupo de gamberros \u2013que no necesariamente tiene que ser siempre el mismo- se dedica a dejar su huella por numerosos espacios de la ciudad. Y lo hacen de las maneras m\u00e1s disparatadas. Realizan pintadas sobre estatuas y monumentos o arrancan los adoquines del puente de Palmas para hacer algo a\u00fan m\u00e1s salvaje si cabe: lanz\u00e1rselos a los patos del <strong>r\u00edo Guadiana<\/strong>. Igual de doloroso es observar c\u00f3mo el vandalismo se ceba tambi\u00e9n con los parques infantiles o el mobiliario urbano.<\/p>\n<p>Especialmente sangrante ha sido el caso de <strong>la Alcazaba<\/strong>. Hace unos d\u00edas se han identificado dos garabatos \u2013que emulan dos firmas- sobre la parte del lienzo que ha sido hace poco tiempo rehabilitado. Junto a <strong>Puerta de Carros<\/strong> una zona impoluta de esta piel reci\u00e9n curada volv\u00eda a ser v\u00edctima de la insensatez ciudadana. Un hecho bochornoso. Se trata de un par de pintadas que se han realizado sobre una superficie que ha costado <strong>m\u00e1s 3 millones en rehabilitar<\/strong> y muchos dolores de cabeza a los pacenses, que han luchado y reivindicado esta actuaci\u00f3n durante a\u00f1os.<\/p>\n<p>Parece que muchos han olvidado ya el estado en el que se encontraba hasta hace unos meses la parte de la muralla que ha sido sometida a esta obra de restauraci\u00f3n. Quienes no lo recuerden s\u00f3lo tienen que dar un paseo por el cintur\u00f3n murado que permanece sin reparar. Esta parte de la fortificaci\u00f3n contin\u00faa todav\u00eda hoy siendo objeto de numerosos actos inc\u00edvicos.<\/p>\n<p>El hecho de que este tipo de sucesos se repita es materia de reflexi\u00f3n. Diversos factores influyen en esta cuesti\u00f3n: la falta de vigilancia, sanciones leves y sobre todo la escasez de concienciaci\u00f3n ciudadana al respecto son algunos de ellos. Parece que muchas personas todav\u00eda ignoran que es necesario cuidar y mimar el patrimonio desde dentro, para que los de fuera comiencen tambi\u00e9n a apreciarlo.<\/p>\n<!-- AddThis Advanced Settings generic via filter on the_content --><!-- AddThis Share Buttons generic via filter on the_content -->","protected":false},"excerpt":{"rendered":"<p>Por Tania Ag\u00fandez Nunca una firma hab\u00eda provocado tanta verg\u00fcenza. Los pacenses estamos acostumbrados a ver c\u00f3mo un grupo de gamberros \u2013que no necesariamente tiene que ser siempre el mismo- se dedica a dejar su huella por numerosos espacios de la ciudad. Y lo hacen de las maneras m\u00e1s disparatadas. Realizan pintadas sobre estatuas y [&hellip;]<!-- AddThis Advanced Settings generic via filter on get_the_excerpt --><!-- AddThis Share Buttons generic via filter on get_the_excerpt --><\/p>\n","protected":false},"author":39,"featured_media":0,"comment_status":"open","ping_status":"closed","sticky":false,"template":"","format":"standard","meta":[],"categories":[9],"tags":[30,89,596,786],"_links":{"self":[{"href":"https:\/\/blogs.hoy.es\/badajozdehoy\/wp-json\/wp\/v2\/posts\/17"}],"collection":[{"href":"https:\/\/blogs.hoy.es\/badajozdehoy\/wp-json\/wp\/v2\/posts"}],"about":[{"href":"https:\/\/blogs.hoy.es\/badajozdehoy\/wp-json\/wp\/v2\/types\/post"}],"author":[{"embeddable":true,"href":"https:\/\/blogs.hoy.es\/badajozdehoy\/wp-json\/wp\/v2\/users\/39"}],"replies":[{"embeddable":true,"href":"https:\/\/blogs.hoy.es\/badajozdehoy\/wp-json\/wp\/v2\/comments?post=17"}],"version-history":[{"count":0,"href":"https:\/\/blogs.hoy.es\/badajozdehoy\/wp-json\/wp\/v2\/posts\/17\/revisions"}],"wp:attachment":[{"href":"https:\/\/blogs.hoy.es\/badajozdehoy\/wp-json\/wp\/v2\/media?parent=17"}],"wp:term":[{"taxonomy":"category","embeddable":true,"href":"https:\/\/blogs.hoy.es\/badajozdehoy\/wp-json\/wp\/v2\/categories?post=17"},{"taxonomy":"post_tag","embeddable":true,"href":"https:\/\/blogs.hoy.es\/badajozdehoy\/wp-json\/wp\/v2\/tags?post=17"}],"curies":[{"name":"wp","href":"https:\/\/api.w.org\/{rel}","templated":true}]}}