{"id":865,"date":"2014-03-28T20:57:45","date_gmt":"2014-03-28T20:57:45","guid":{"rendered":"http:\/\/blogs.hoy.es\/badajozdehoy\/?p=865"},"modified":"2014-03-28T20:57:45","modified_gmt":"2014-03-28T20:57:45","slug":"el-puente-de-la-verguenza","status":"publish","type":"post","link":"https:\/\/blogs.hoy.es\/badajozdehoy\/2014\/03\/28\/el-puente-de-la-verguenza\/","title":{"rendered":"El puente de la verg\u00fcenza"},"content":{"rendered":"<p>La Confederaci\u00f3n Hidrogr\u00e1fica del Guadiana regal\u00f3 hace a\u00f1os a Badajoz un estupendo paseo fluvial al que s\u00f3lo le hace falta el agua para ser perfecto. Discurre junto a los arroyos Rivillas y Calam\u00f3n en direcci\u00f3n al Guadiana y se ha convertido en paso obligado para deportistas y caminantes de toda la ciudad.<\/p>\n<p>Pero ese pulm\u00f3n verde siempre tuvo un defecto: el presupuesto se acab\u00f3 cuando tocaba equipar los puentes. Y en lugar de una barandilla resistente, colocaron tubos met\u00e1licos de est\u00e9tica dudosa y escasa resistencia.<\/p>\n<p>As\u00ed ocurri\u00f3 en las barriadas del Cerro de Reyes y Antonio Dom\u00ednguez. Y a la vista est\u00e1 que la elecci\u00f3n fue equivocada, porque un simple caco logr\u00f3 desmantelar las protecciones de un par de puentes aprovechando la noche.<\/p>\n<p>En el vial que conecta el Cerro de Reyes con la carretera de Sevilla las barandillas fueron sustra\u00eddas en noviembre de 2012. Poco despu\u00e9s anunci\u00f3 la Guardia Civil que el material hab\u00eda sido entregado en una chatarrer\u00eda por un joven que fue detenido. Recibi\u00f3 200 euros por el cargamento de metal, un euro por cada kilo de acero inoxidable.<\/p>\n<p>Que alguien desmonte un puente es lamentable. Pero igual de penoso resulta que toda una capital de provincia permita que el organismo responsable del mantenimiento de esa infraestructura, en este caso la Confederaci\u00f3n Hidrogr\u00e1fica del Guadiana, permita que a\u00f1o y medio despu\u00e9s del robo sigan tapando el hueco las vallas azules de la Polic\u00eda Local.<\/p>\n<p>Una ciudad que aspire a ser importante no puede consentir la desidia. Igual que se obliga a los due\u00f1os de solares a desbrozar sus terrenos, se deber\u00eda exigir a las administraciones p\u00fablicas que mantengan las infraestructuras con un m\u00ednimo decoro.<\/p>\n<!-- AddThis Advanced Settings generic via filter on the_content --><!-- AddThis Share Buttons generic via filter on the_content -->","protected":false},"excerpt":{"rendered":"<p>La Confederaci\u00f3n Hidrogr\u00e1fica del Guadiana regal\u00f3 hace a\u00f1os a Badajoz un estupendo paseo fluvial al que s\u00f3lo le hace falta el agua para ser perfecto. Discurre junto a los arroyos Rivillas y Calam\u00f3n en direcci\u00f3n al Guadiana y se ha convertido en paso obligado para deportistas y caminantes de toda la ciudad. Pero ese pulm\u00f3n [&hellip;]<!-- AddThis Advanced Settings generic via filter on get_the_excerpt --><!-- AddThis Share Buttons generic via filter on get_the_excerpt --><\/p>\n","protected":false},"author":42,"featured_media":0,"comment_status":"open","ping_status":"closed","sticky":false,"template":"","format":"standard","meta":[],"categories":[4],"tags":[89,132,369,626,641,679],"_links":{"self":[{"href":"https:\/\/blogs.hoy.es\/badajozdehoy\/wp-json\/wp\/v2\/posts\/865"}],"collection":[{"href":"https:\/\/blogs.hoy.es\/badajozdehoy\/wp-json\/wp\/v2\/posts"}],"about":[{"href":"https:\/\/blogs.hoy.es\/badajozdehoy\/wp-json\/wp\/v2\/types\/post"}],"author":[{"embeddable":true,"href":"https:\/\/blogs.hoy.es\/badajozdehoy\/wp-json\/wp\/v2\/users\/42"}],"replies":[{"embeddable":true,"href":"https:\/\/blogs.hoy.es\/badajozdehoy\/wp-json\/wp\/v2\/comments?post=865"}],"version-history":[{"count":0,"href":"https:\/\/blogs.hoy.es\/badajozdehoy\/wp-json\/wp\/v2\/posts\/865\/revisions"}],"wp:attachment":[{"href":"https:\/\/blogs.hoy.es\/badajozdehoy\/wp-json\/wp\/v2\/media?parent=865"}],"wp:term":[{"taxonomy":"category","embeddable":true,"href":"https:\/\/blogs.hoy.es\/badajozdehoy\/wp-json\/wp\/v2\/categories?post=865"},{"taxonomy":"post_tag","embeddable":true,"href":"https:\/\/blogs.hoy.es\/badajozdehoy\/wp-json\/wp\/v2\/tags?post=865"}],"curies":[{"name":"wp","href":"https:\/\/api.w.org\/{rel}","templated":true}]}}