{"id":883,"date":"2014-04-17T16:47:27","date_gmt":"2014-04-17T16:47:27","guid":{"rendered":"http:\/\/blogs.hoy.es\/badajozdehoy\/?p=883"},"modified":"2014-04-17T16:47:27","modified_gmt":"2014-04-17T16:47:27","slug":"la-agenda-se-desborda-en-mayo","status":"publish","type":"post","link":"https:\/\/blogs.hoy.es\/badajozdehoy\/2014\/04\/17\/la-agenda-se-desborda-en-mayo\/","title":{"rendered":"La agenda se desborda en mayo"},"content":{"rendered":"<p>Badajoz recibe con los brazos abiertos al mes de mayo. Los pacenses esperan este periodo de la primavera con ganas y energ\u00eda, ya que la agenda cultural vendr\u00e1 cargada durante los pr\u00f3ximos d\u00edas. Las fiestas por la diversidad, los actos literarios, las actividades deportivas y las reuniones campestres se suceder\u00e1n este mes.<\/p>\n<p>Tras el festivo 1 de mayo (D\u00eda Internacional de los Trabajadores ) le seguir\u00e1 la celebraci\u00f3n del primer domingo de mayo. Un d\u00eda especial para todas las madres y jornada en la que los pacenses devotos de la Virgen de B\u00f3toa se re\u00fanen para disfrutar de esta romer\u00eda, una de las m\u00e1s populares de la capital pacense. La otra es la de San Isidro, prevista este a\u00f1o para el 18 de mayo.<\/p>\n<p>D\u00edas antes los amantes del deporte y aficionados al pirag\u00fcismo podr\u00e1n asistir como espectadores al XIX Campeonato de Espa\u00f1a de Pirag\u00fcismo. Las aguas del r\u00edo Guadiana acoger\u00e1n esta prueba que se llevar\u00e1 a cabo el fin de semana del 10 y 11 de mayo.<\/p>\n<p>El fin de semana siguiente, el s\u00e1bado 17 de mayo, la fiesta de Los Palomos volver\u00e1 a la ciudad. Un evento por la Diversidad Afectivo Sexual que prev\u00e9 congregar a 20.000 personas este a\u00f1o.<\/p>\n<p>La literatura tambi\u00e9n se hace un hueco en la agenda de los pacenses este mes. Del 16 al 24 del pr\u00f3ximo mes el paseo de San Francisco ser\u00e1 escenario un a\u00f1o m\u00e1s de la Feria del Libro.<\/p>\n<p>Mayo es un mes en el que se puede encontrar en Badajoz una programaci\u00f3n abundante, quiz\u00e1 la m\u00e1s copiosa del a\u00f1o. Pacenses y visitantes pueden encontrar multitud de actividades y variadas, para todos los gustos y p\u00fablicos. Actos que se tienen que convertir en un ejemplo de convivencia, tolerancia, diversi\u00f3n y buen ambiente, pero siempre respetando el entorno.<\/p>\n<!-- AddThis Advanced Settings generic via filter on the_content --><!-- AddThis Share Buttons generic via filter on the_content -->","protected":false},"excerpt":{"rendered":"<p>Badajoz recibe con los brazos abiertos al mes de mayo. Los pacenses esperan este periodo de la primavera con ganas y energ\u00eda, ya que la agenda cultural vendr\u00e1 cargada durante los pr\u00f3ximos d\u00edas. Las fiestas por la diversidad, los actos literarios, las actividades deportivas y las reuniones campestres se suceder\u00e1n este mes. Tras el festivo [&hellip;]<!-- AddThis Advanced Settings generic via filter on get_the_excerpt --><!-- AddThis Share Buttons generic via filter on get_the_excerpt --><\/p>\n","protected":false},"author":40,"featured_media":0,"comment_status":"open","ping_status":"closed","sticky":false,"template":"","format":"standard","meta":[],"categories":[9],"tags":[10,89,252,334,448,468],"_links":{"self":[{"href":"https:\/\/blogs.hoy.es\/badajozdehoy\/wp-json\/wp\/v2\/posts\/883"}],"collection":[{"href":"https:\/\/blogs.hoy.es\/badajozdehoy\/wp-json\/wp\/v2\/posts"}],"about":[{"href":"https:\/\/blogs.hoy.es\/badajozdehoy\/wp-json\/wp\/v2\/types\/post"}],"author":[{"embeddable":true,"href":"https:\/\/blogs.hoy.es\/badajozdehoy\/wp-json\/wp\/v2\/users\/40"}],"replies":[{"embeddable":true,"href":"https:\/\/blogs.hoy.es\/badajozdehoy\/wp-json\/wp\/v2\/comments?post=883"}],"version-history":[{"count":0,"href":"https:\/\/blogs.hoy.es\/badajozdehoy\/wp-json\/wp\/v2\/posts\/883\/revisions"}],"wp:attachment":[{"href":"https:\/\/blogs.hoy.es\/badajozdehoy\/wp-json\/wp\/v2\/media?parent=883"}],"wp:term":[{"taxonomy":"category","embeddable":true,"href":"https:\/\/blogs.hoy.es\/badajozdehoy\/wp-json\/wp\/v2\/categories?post=883"},{"taxonomy":"post_tag","embeddable":true,"href":"https:\/\/blogs.hoy.es\/badajozdehoy\/wp-json\/wp\/v2\/tags?post=883"}],"curies":[{"name":"wp","href":"https:\/\/api.w.org\/{rel}","templated":true}]}}