{"id":48,"date":"2014-05-06T09:20:55","date_gmt":"2014-05-06T07:20:55","guid":{"rendered":"http:\/\/blogs.hoy.es\/besocial\/?p=48"},"modified":"2014-05-06T09:20:55","modified_gmt":"2014-05-06T07:20:55","slug":"ilde-cortes-social-media-manager-de-la-seleccion-espanola-de-futbol-y-de-la-rfef","status":"publish","type":"post","link":"https:\/\/blogs.hoy.es\/besocial\/ilde-cortes-social-media-manager-de-la-seleccion-espanola-de-futbol-y-de-la-rfef\/","title":{"rendered":"Ilde Cort\u00e9s, Social Media Manager de la Selecci\u00f3n Espa\u00f1ola de F\u00fatbol y de la RFEF."},"content":{"rendered":"<p>Las redes sociales tienen una conexi\u00f3n\u00a0importante con el deporte. Multitud de eventos deportivos son utilizados por marcas para obtener en el entorno online interactividad, conversaci\u00f3n y promoci\u00f3n de sus acciones y contenidos. Es m\u00e1s, se crean hashtags como <strong><a href=\"https:\/\/twitter.com\/search?q=%23EternoTito&#038;src=tyah\" target=\"_blank\">#<\/a><em><a href=\"https:\/\/twitter.com\/search?q=%23EternoTito&#038;src=tyah\" target=\"_blank\">EternoTito<\/a>\u00a0<\/em><\/strong>por el triste fallecimiento de <strong>Tito<\/strong> <strong>Villanova<\/strong>, o <strong><a href=\"https:\/\/twitter.com\/search?q=%23FinalEspa\u00f1ola&#038;src=typd\" target=\"_blank\">#<em>FinalEspa\u00f1ola<\/em><\/a><\/strong> para celebrar una final espa\u00f1ola en la Champions, de forma autom\u00e1tica y son utilizados por\u00a0todos en redes sociales.<\/p>\n<p>El f\u00fatbol es uno de los deportes que m\u00e1s comentarios aglutina en el entorno 2.0 y se ha convertido en un espacio donde clubes, federaciones, futbolistas y marcas patrocinadoras tienen sus ojos puestos. Por ello, este mes, tengo el placer de poder contar con<a href=\"https:\/\/twitter.com\/ildecortes\" target=\"_blank\">\u00a0<strong>Ilde Cort\u00e9s<\/strong><\/a>,\u00a0<strong><em>Social Media Manager de\u00a0<\/em><em>la <a href=\"http:\/\/www.rfef.es\/\" target=\"_blank\">Selecci\u00f3n espa\u00f1ola de f\u00fatbol y de la RFEF<\/a><\/em>.<\/strong> Periodista nacido en Camas (\u201c<em>como Sergio Ramos<\/em>\u201d me apunta) que siempre ha estado ligado a la informaci\u00f3n deportiva primero en Onda Cero y despu\u00e9s en Punto Radio. Sin m\u00e1s, agradecerle de nuevo su\u00a0disposici\u00f3n y os dejo la entrevista \ud83d\ude00<!--more--><\/p>\n<p><strong>Descr\u00edbenos brevemente un d\u00eda de tu trabajo \ud83d\ude42<\/strong><br \/>\nLo primero que hacemos cada ma\u00f1ana, a primer\u00edsima hora, es analizar los resultados de la actividad del d\u00eda anterior. Nos gusta saber qu\u00e9 ha funcionado y qu\u00e9 no para ir mejorando d\u00eda a d\u00eda nuestra estrategia en redes.<br \/>\nPersonalmente, me gusta trabajar siguiendo dos caminos: <em>previsi\u00f3n<\/em> y <em>actualidad<\/em>. A la hora de planificar qu\u00e9 vamos a comunicar y c\u00f3mo vamos a hacerlo es necesario saber qu\u00e9 va a pasar, pero tambi\u00e9n estar preparado para poder improvisar en todo tipo de cuestiones. Por eso siempre he pensado que es fundamental ser periodista a la hora de trabajar en esta \u00e1rea.<\/p>\n<p><strong>\u00bfCu\u00e1ntos confirm\u00e1is el equipo de redes y c\u00f3mo os organiz\u00e1is? <\/strong><br \/>\nEl equipo de redes lo componemos tres personas, pero afortunadamente, nos acompa\u00f1a una redacci\u00f3n joven y muy preparada en redes. Desde el principio nos preocup\u00f3 mucho que cualquier miembro de la redacci\u00f3n pudiera asumir los mandos en cualquier momento. Actualmente, saben gestionar cualquier tipo de perfil, realizar anal\u00edticas\u2026 \u00a1As\u00ed que en realidad somos un equipo muy amplio! Nos gusta que est\u00e9n implicados en lo que hacemos en redes, ponemos en com\u00fan todo lo que se hace, nos escuchamos unos a otros\u2026 Adem\u00e1s, son fundamentales a la hora de dar forma a los contenidos en que basamos nuestra actividad.<\/p>\n<p><strong>\u00bfQu\u00e9 herramientas utiliz\u00e1is para gestionar y monitorizar la actividad social de la @sefutbol?<\/strong><br \/>\nUsamos <strong><em><a href=\"http:\/\/get.socialbro.com\/g9Jt\" target=\"_blank\">SocialBro<\/a><\/em><\/strong>. Personalmente, es una herramienta que me encanta y que ya usaba desde hace bastante tiempo, as\u00ed que en cuanto hubo que proponer con qu\u00e9 herramienta trabajar\u00edamos en <strong><a href=\"http:\/\/twitter.com\/sefutbol\" target=\"_blank\">@SeFutbol<\/a><\/strong> y <strong><a href=\"http:\/\/twitter.com\/sefutbol\" target=\"_blank\">@RFEF<\/a><\/strong>, lo tuvimos claro.<\/p>\n<p><strong>\u00bfCuanta masa de fans, seguidores, etc tiene actualmente las redes de la REFF aproximadamente?<\/strong><br \/>\nR: Actualmente gestionamos las redes sociales de la Selecci\u00f3n y de la RFEF. Si sumamos los seguidores de ambas en Twitter, Facebook, Google+, Instagram, Youtube y Pinterest, nos situamos en 2,5 millones de seguidores que d\u00eda a d\u00eda reciben toda la informaci\u00f3n del f\u00fatbol espa\u00f1ol y de la Selecci\u00f3n.<\/p>\n<p><strong>\u00bfQu\u00e9 red social es la que tiene m\u00e1s interacciones? \u00bfQu\u00e9 tipo de contenido engancha m\u00e1s a los seguidores de la @sefutbol?<\/strong><br \/>\nLo cierto es que tenemos unos fans tremendamente activos y en cada red hay grandes hitos. El m\u00e1s reciente es el nuevo spot de Movistar con la Selecci\u00f3n, que ha sido visto por m\u00e1s de 2 millones de personas. Pero es que en Youtube nos pas\u00f3 lo mismo con un <a href=\"https:\/\/www.youtube.com\/watch?v=9UyDwVIYsko\" target=\"_blank\">golazo de chilena de Pedro<\/a>, que se puso en un mill\u00f3n de visualizaciones en apenas 24 horas, la presentaci\u00f3n de la nueva camiseta <strong><a href=\"http:\/\/www.adidas.es\" target=\"_blank\">Adidas<\/a><\/strong> ha sido el hangout con m\u00e1s audiencia en vivo en Google+ en Espa\u00f1a, y en nuestra cuenta de Twitter sumamos varios TTs nacionales, y momentos de alcance de hasta 24 millones de perfiles como determinadas convocatorias, comunicaciones oficiales\u2026<\/p>\n<p><strong>Ahora con el mundial, ser\u00e1 una locura, \u00bfnos puedes describir un poco c\u00f3mo ser\u00e1n las l\u00edneas de trabajo que vais a tener?\u00a0<\/strong><br \/>\n\u00a1Bendita locura! Tendremos dos equipos de trabajo. Uno con la Selecci\u00f3n en Brasil y otro en Madrid. Est\u00e1 claro que el Mundial ser\u00e1 nuestra mayor prioridad, pero no podemos olvidarnos de las categor\u00edas inferiores, de todo lo que se vaya generando desde Espa\u00f1a. Ser\u00e1 un gran reto trabajar con 5 horas de diferencia pero mostraremos a nuestros seguidores todo lo que ocurra en Brasil de una forma \u00fanica e inolvidable. \u00a1Si supieras lo que estamos preparando!<\/p>\n<p><strong>Debe ser complicado estar pendiente de lo que los futbolistas comparten cuando est\u00e1n en la selecci\u00f3n, \u00bfMonitorizas cuentas de futbolistas?\u00bfcu\u00e1l de ellos es m\u00e1s activo? <\/strong><br \/>\nEllos nos siguen y nosotros les seguimos. A todos y cada uno de los internacionales absolutos que tienen cuenta en redes sociales. \u00a1Y nos encanta ver lo que hacen! Forma parte de nuestro d\u00eda a d\u00eda, compartimos contenidos comunes, interactuamos\u2026 Personalmente no sabr\u00eda quedarme con uno, porque lo hacen fenomenalmente bien. Im\u00e1genes, v\u00eddeos, enlaces\u2026 \u00a1es una gozada seguirles!<\/p>\n<p><strong>De las campa\u00f1as que hab\u00e9is realizado de promoci\u00f3n, \u00bfcon cu\u00e1l de ellas te quedas?<br \/>\n<\/strong>Hemos hecho un mont\u00f3n de cosas, pero mi favorita es <strong><a href=\"https:\/\/twitter.com\/search?q=%23BuscaLaCamiseta&#038;src=typd\" target=\"_blank\">#<em>BuscaLaCamiseta<\/em><\/a><\/strong>. Escondimos una camiseta Madrid y lanzamos un mapa de Espa\u00f1a en Twitter. A una determinada cantidad de RTs hac\u00edamos zoom en el mapa hasta llegar a mostrar donde estaba escondida. \u00a1Fue una gymkana con medio mill\u00f3n de personas!<\/p>\n<p><strong>\u00bfSer\u00e1s capaz de abrirle cuenta de twitter a Vicente del Bosque? \ud83d\ude09 <\/strong><br \/>\n\u00bfSabes que no es la primera vez que me lo preguntan? La verdad es que no s\u00e9 si al Seleccionador le gustar\u00eda, pero seguro que tendr\u00eda much\u00edsimos seguidores. No hay m\u00e1s que ver lo cerca que est\u00e1 de la gente, apoyando siempre actos ben\u00e9ficos\u2026<\/p>\n<p><strong>Como pregunta final, cu\u00e9ntanos alguna curiosidad o petici\u00f3n m\u00e1s extra\u00f1a que te haya llegado a vuestra redes. <\/strong><br \/>\nPor pedir nos han pedido absolutamente de todo. Ya te puedes imaginar: camisetas, balones, aut\u00f3grafos, que la Selecci\u00f3n vaya a todas y cada una de las ciudades de Espa\u00f1a\u2026 Pero me qued\u00e9 ojipl\u00e1tico cuando un d\u00eda me encontr\u00e9 una menci\u00f3n en el perfil de <strong><a href=\"https:\/\/twitter.com\/rfef\">@SeFutbol<\/a><\/strong> que dec\u00eda algo as\u00ed como <em>\u2018me encantar\u00eda tener una cita con el Community Manager de la @SeFutbol<\/em>\u2019. \u00a1Y te aseguro que no era de mi familia! Por cierto, nunca hubo cita \ud83d\ude09<\/p>\n<p><em>Aqu\u00ed ten\u00e9is m\u00e1s links:<\/em><br \/>\n<a href=\"http:\/\/www.rfef.es\/\">Web de la Real Federaci\u00f3n Espa\u00f1ola de F\u00fatbol<\/a><br \/>\n<a href=\"http:\/\/www.sefutbol.com\/\">Web de la Selecci\u00f3n Espa\u00f1ola de F\u00fatbol\/<\/a><br \/>\n<a href=\"http:\/\/www.facebook.com\/RFEF\">Facebook de la Rfef<\/a><br \/>\n<a href=\"http:\/\/www.facebook.com\/SeFutbol\">Facebook de la Selecci\u00f3n Espa\u00f1ola de F\u00fatbol<\/a><br \/>\n<a href=\"http:\/\/twitter.com\/rfef\">Twitter de la @rfef<\/a><br \/>\n<a href=\"http:\/\/twitter.com\/sefutbol\">Twitter de la @sefutbol<\/a><\/p>\n<p>&nbsp;<\/p>\n<!-- AddThis Advanced Settings generic via filter on the_content --><!-- AddThis Share Buttons generic via filter on the_content -->","protected":false},"excerpt":{"rendered":"<p>Las redes sociales tienen una conexi\u00f3n\u00a0importante con el deporte. Multitud de eventos deportivos son utilizados por marcas para obtener en el entorno online interactividad, conversaci\u00f3n y promoci\u00f3n de sus acciones y contenidos. Es m\u00e1s, se crean hashtags como #EternoTito\u00a0por el triste fallecimiento de Tito Villanova, o #FinalEspa\u00f1ola para celebrar una final espa\u00f1ola en la Champions, [&hellip;]<!-- AddThis Advanced Settings generic via filter on get_the_excerpt --><!-- AddThis Share Buttons generic via filter on get_the_excerpt --><\/p>\n","protected":false},"author":116,"featured_media":49,"comment_status":"open","ping_status":"closed","sticky":false,"template":"","format":"standard","meta":[],"categories":[4],"tags":[25,39,52,63,84,88,92,93,101],"_links":{"self":[{"href":"https:\/\/blogs.hoy.es\/besocial\/wp-json\/wp\/v2\/posts\/48"}],"collection":[{"href":"https:\/\/blogs.hoy.es\/besocial\/wp-json\/wp\/v2\/posts"}],"about":[{"href":"https:\/\/blogs.hoy.es\/besocial\/wp-json\/wp\/v2\/types\/post"}],"author":[{"embeddable":true,"href":"https:\/\/blogs.hoy.es\/besocial\/wp-json\/wp\/v2\/users\/116"}],"replies":[{"embeddable":true,"href":"https:\/\/blogs.hoy.es\/besocial\/wp-json\/wp\/v2\/comments?post=48"}],"version-history":[{"count":0,"href":"https:\/\/blogs.hoy.es\/besocial\/wp-json\/wp\/v2\/posts\/48\/revisions"}],"wp:featuredmedia":[{"embeddable":true,"href":"https:\/\/blogs.hoy.es\/besocial\/wp-json\/wp\/v2\/media\/49"}],"wp:attachment":[{"href":"https:\/\/blogs.hoy.es\/besocial\/wp-json\/wp\/v2\/media?parent=48"}],"wp:term":[{"taxonomy":"category","embeddable":true,"href":"https:\/\/blogs.hoy.es\/besocial\/wp-json\/wp\/v2\/categories?post=48"},{"taxonomy":"post_tag","embeddable":true,"href":"https:\/\/blogs.hoy.es\/besocial\/wp-json\/wp\/v2\/tags?post=48"}],"curies":[{"name":"wp","href":"https:\/\/api.w.org\/{rel}","templated":true}]}}