{"id":21,"date":"2012-05-06T00:59:12","date_gmt":"2012-05-05T22:59:12","guid":{"rendered":"http:\/\/blogs.hoy.es\/caceres-sabe-a-plyoffs\/?p=21"},"modified":"2012-05-06T00:59:12","modified_gmt":"2012-05-05T22:59:12","slug":"un-sabado-ajetreado","status":"publish","type":"post","link":"https:\/\/blogs.hoy.es\/caceres-sabe-a-plyoffs\/2012\/05\/06\/un-sabado-ajetreado\/","title":{"rendered":"Un s\u00e1bado ajetreado"},"content":{"rendered":"<p><a href=\"\/caceres-sabe-a-plyoffs\/wp-content\/uploads\/sites\/43\/2012\/05\/Charla-Aranzana.jpg\"><img loading=\"lazy\" class=\"alignleft size-medium wp-image-22\" title=\"Charla de Aranzana en el entrenamiento\" src=\"\/caceres-sabe-a-plyoffs\/wp-content\/uploads\/sites\/43\/2012\/05\/Charla-Aranzana.jpg\" alt=\"\" width=\"300\" height=\"225\" srcset=\"https:\/\/static-blogs.hoy.es\/wp-content\/uploads\/sites\/43\/2012\/05\/Charla-Aranzana.jpg 1500w, https:\/\/static-blogs.hoy.es\/wp-content\/uploads\/sites\/43\/2012\/05\/Charla-Aranzana-300x225.jpg 300w, https:\/\/static-blogs.hoy.es\/wp-content\/uploads\/sites\/43\/2012\/05\/Charla-Aranzana-768x576.jpg 768w, https:\/\/static-blogs.hoy.es\/wp-content\/uploads\/sites\/43\/2012\/05\/Charla-Aranzana-1024x768.jpg 1024w\" sizes=\"(max-width: 300px) 100vw, 300px\" \/><\/a>Por mi breve experiencia en anteriores playoffs, el s\u00e1bado entre partidos suele ser un d\u00eda tranquilo. Ya se ha descargado la adrenalina del choque inicial y a\u00fan no ha comenzado a acumularse la del encuentro del domingo, pero todo el asunto de las declaraciones de Antelo ha hecho saltar por los aires la calma relativa de un d\u00eda en que, en condiciones normales, tampoco tendr\u00eda mucho que hacer un enviado especial. Os cuento c\u00f3mo he vivido estas horas tan ajetreadas, no para ahondar en la herida sino con la intenci\u00f3n de aclarar algunas cuestiones.<\/p>\n<p>Acud\u00ed al entrenamiento matinal de las 12.30 despu\u00e9s de visitar el Museo de la Evoluci\u00f3n Humana (una maravilla que os aconsejo si ven\u00eds a Burgos). Una vez en El Plant\u00edo el jefe de prensa del club nos pregunt\u00f3 a los periodistas qu\u00e9 jugadores nos interesaba que hicieran declaraciones, adem\u00e1s de las del entrenador, como es obvio. Yo ped\u00ed a Sergio Olmos porque fue el mejor el viernes, y tambi\u00e9n a Antelo porque es el hombre de referencia, no hab\u00eda estado bien y quer\u00eda preguntarle a qu\u00e9 cre\u00eda \u00e9l que era debido. Grabe en v\u00eddeo las intervenciones primero de Aranzana y luego de Olmos para colgarlas en el blog. Cuando le lleg\u00f3 el turno a Antelo le pregunt\u00e9 sencillamente por su punto de vista de lo ocurrido, c\u00f3mo lo hab\u00eda vivido \u00e9l personalmente. Y se desat\u00f3 la tormenta. Ya hab\u00e9is visto el v\u00eddeo y son innecesarios los detalles, y quien no lo haya visto a\u00fan lo tiene un par de entradas m\u00e1s abajo. Cada uno que saque sus propias conclusiones. Explico esto porque siempre hay quien acusa al periodista de meter el dedo en el ojo para provocar rajadas de los deportistas. Creo que en la grabaci\u00f3n queda claro que, al menos en este caso, no fue as\u00ed. Un rato despu\u00e9s el v\u00eddeo estaba subido al blog, y ya se conoce la cadena de reacciones que ha generado durante toda la tarde, dando el salto incluso a la prensa nacional, y me dicen que hasta ha salido esta noche en el informativo de Antena 3. No s\u00e9 si habr\u00e1 llegado a ser \u2018trending topic\u2019 en Twitter, pero se debe haber quedado cerca.<\/p>\n<p>A la vista de la dimensi\u00f3n que estaba cobrando el asunto y de que el partido de ma\u00f1ana se pod\u00eda calentar demasiado, Antelo se puso en contacto conmigo para matizar sus palabras. Me dijo que habl\u00f3 de forma desenfadada porque se trataba de un medio de prensa escrita y no pensaba que fuera a colgar el v\u00eddeo entero, y que en todo caso tampoco esperaba que fuera a tener tanta repercusi\u00f3n. Sea como fuere, quiso grabar un nuevo v\u00eddeo rectificando y pidiendo perd\u00f3n al Burgos y a todos sus aficionados. Tambi\u00e9n supongo que lo hab\u00e9is visto, est\u00e1 en el post anterior a este.<\/p>\n<p>Pero claro, a esas alturas el v\u00eddeo original se hab\u00eda extendido ya como la p\u00f3lvora y estaba generando todo tipo de reacciones. Como es habitual en ellos, cierta prensa deportiva oli\u00f3 la carnaza y, por supuesto, no se detuvo a pensar qu\u00e9 estaba queriendo decir Antelo. Sacaron de\u00a0 su contexto las tres o cuatro frases m\u00e1s gruesas y Antelo qued\u00f3 ante Espa\u00f1a como un carnicero que desayuna ni\u00f1os al levantarse. Por supuesto tampoco colgaron el segundo v\u00eddeo, el de las explicaciones, el arrepentimiento y las disculpas. Es su manera de trabajar a diario. Nos hemos acostumbrado a las declaraciones descontextualizadas y los titulares tendenciosos cuando se refieren a Mourinho o a Guardiola, pero esta vez le ha tocado a Antelo y por extensi\u00f3n al C\u00e1ceres, y ah\u00ed ya no nos hace tanta gracia.<\/p>\n<p>No pretendo con todo esto defender a Antelo. \u00c9l es un profesional del baloncesto, sabe que se mueve en un entorno medi\u00e1tico -m\u00e1s a\u00fan en playoffs-, y no debi\u00f3 utilizar esas palabras habiendo grabadoras de por medio, y bien a la vista, por cierto. De hecho a m\u00ed me pareci\u00f3 en ese momento que se trataba de un mensaje premeditado, de una estrategia al estilo de lo que hizo Cherry hace dos temporadas con Anagonye. S\u00ed creo de todas formas que, tras ver el v\u00eddeo completo, uno se da perfecta cuenta de que est\u00e1 avisando de que el domingo jugar\u00e1n duro para que no les vuelva a pasar lo mismo. Pero se calienta, se pasa tres pueblos con las expresiones que usa y acaba pareciendo una incitaci\u00f3n a la violencia. Tambi\u00e9n opino que merece ser valorado en su justa medida el hecho de que se arrepintiera y pocas horas despu\u00e9s pidiera perd\u00f3n en p\u00fablico por el mismo medio que se difundieron las primeras declaraciones. De hecho, tanto Autocid como muchos aficionados burgaleses a trav\u00e9s de las redes sociales han aceptado las disculpas dando el asunto por zanjado, y hasta el propio presidente de la FEB, Jos\u00e9 Luis Saez, ha escrito en su cuenta de Twitter que esa reacci\u00f3n tan inmediata le honra como persona.<\/p>\n<p>Por lo que a m\u00ed respecta, hubiera preferido que todo esto no ocurriera, y lo digo con sinceridad. Llevo m\u00e1s de 13 a\u00f1os ejerciendo el periodismo, cuatro de ellos en deportes, y quien me conoce sabe que huyo como de la peste de las pol\u00e9micas vac\u00edas que no llevan a ninguna parte, como la que nos ocupa. Ten\u00eda esas declaraciones y la posterior rectificaci\u00f3n, y he publicado ambas de la forma que he considerado m\u00e1s \u00e9tica, ya que hubiera sido una flagrante dejaci\u00f3n de funciones silenciarlas. Ah\u00ed termina mi participaci\u00f3n en el asunto. Tan solo quer\u00eda dejar constancia de ello. Perd\u00f3n por el tocho, a centrarse de una vez en el partido, que es lo importante, y buenas noches.<\/p>\n<p>P. D.: Por cierto, con todo este jaleo se me pas\u00f3 colgar el v\u00eddeo con las declaraciones de Aranzana tras el entrenamiento, y con el rato largo que ha tardado en subirse a la red no lo iba a dejar en el tintero. Ah\u00ed lo ten\u00e9is:<\/p>\n<p><a href=\"http:\/\/www.youtube.com\/watch?v=268cu01H7O8\">Declaraciones Aranzana<\/a><\/p>\n<!-- AddThis Advanced Settings generic via filter on the_content --><!-- AddThis Share Buttons generic via filter on the_content -->","protected":false},"excerpt":{"rendered":"<p>Por mi breve experiencia en anteriores playoffs, el s\u00e1bado entre partidos suele ser un d\u00eda tranquilo. Ya se ha descargado la adrenalina del choque inicial y a\u00fan no ha comenzado a acumularse la del encuentro del domingo, pero todo el asunto de las declaraciones de Antelo ha hecho saltar por los aires la calma relativa [&hellip;]<!-- AddThis Advanced Settings generic via filter on get_the_excerpt --><!-- AddThis Share Buttons generic via filter on get_the_excerpt --><\/p>\n","protected":false},"author":47,"featured_media":0,"comment_status":"open","ping_status":"closed","sticky":false,"template":"","format":"standard","meta":[],"categories":[2],"tags":[],"_links":{"self":[{"href":"https:\/\/blogs.hoy.es\/caceres-sabe-a-plyoffs\/wp-json\/wp\/v2\/posts\/21"}],"collection":[{"href":"https:\/\/blogs.hoy.es\/caceres-sabe-a-plyoffs\/wp-json\/wp\/v2\/posts"}],"about":[{"href":"https:\/\/blogs.hoy.es\/caceres-sabe-a-plyoffs\/wp-json\/wp\/v2\/types\/post"}],"author":[{"embeddable":true,"href":"https:\/\/blogs.hoy.es\/caceres-sabe-a-plyoffs\/wp-json\/wp\/v2\/users\/47"}],"replies":[{"embeddable":true,"href":"https:\/\/blogs.hoy.es\/caceres-sabe-a-plyoffs\/wp-json\/wp\/v2\/comments?post=21"}],"version-history":[{"count":0,"href":"https:\/\/blogs.hoy.es\/caceres-sabe-a-plyoffs\/wp-json\/wp\/v2\/posts\/21\/revisions"}],"wp:attachment":[{"href":"https:\/\/blogs.hoy.es\/caceres-sabe-a-plyoffs\/wp-json\/wp\/v2\/media?parent=21"}],"wp:term":[{"taxonomy":"category","embeddable":true,"href":"https:\/\/blogs.hoy.es\/caceres-sabe-a-plyoffs\/wp-json\/wp\/v2\/categories?post=21"},{"taxonomy":"post_tag","embeddable":true,"href":"https:\/\/blogs.hoy.es\/caceres-sabe-a-plyoffs\/wp-json\/wp\/v2\/tags?post=21"}],"curies":[{"name":"wp","href":"https:\/\/api.w.org\/{rel}","templated":true}]}}