{"id":45,"date":"2012-05-15T16:48:33","date_gmt":"2012-05-15T14:48:33","guid":{"rendered":"http:\/\/blogs.hoy.es\/caceres-sabe-a-plyoffs\/?p=45"},"modified":"2012-05-15T16:48:33","modified_gmt":"2012-05-15T14:48:33","slug":"contando-las-horas","status":"publish","type":"post","link":"https:\/\/blogs.hoy.es\/caceres-sabe-a-plyoffs\/2012\/05\/15\/contando-las-horas\/","title":{"rendered":"Contando las horas"},"content":{"rendered":"<p><a href=\"\/caceres-sabe-a-plyoffs\/wp-content\/uploads\/sites\/43\/2012\/05\/El-Plant%C3%ADo.jpg\"><img loading=\"lazy\" class=\"alignleft size-medium wp-image-46\" title=\"El Plant\u00edo aguarda el partidazo del a\u00f1o\" src=\"\/caceres-sabe-a-plyoffs\/wp-content\/uploads\/sites\/43\/2012\/05\/El-Plant%C3%ADo.jpg\" alt=\"\" width=\"300\" height=\"195\" \/><\/a>Luce el sol en Burgos, una agradable novedad con respecto a hace 10 d\u00edas, cuando apenas dej\u00f3 de llover unas horas durante todo el fin de semana que pasamos aqu\u00ed con el C\u00e1ceres. El equipo lleva en la ciudad desde ayer lunes, relaj\u00e1ndose en la tranquilidad del mismo hotel que entonces y deseoso de que sean las nueve para saltar al parqu\u00e9 de El Plant\u00edo. Esta ma\u00f1ana se han entrenado un rato en el pabell\u00f3n, apenas unos tiros forzando lo menos posible porque hay jugadores bastante castigados, sobre todo Carlos Cherry, Francis S\u00e1nchez y Jos\u00e9 \u00c1ngel Antelo, que ahora mismo es quien m\u00e1s preocupa porque tiene inflamado un gemelo, aunque jugar\u00e1 seguro. A la vuelta de la sesi\u00f3n le he grabado este v\u00eddeo a Aranzana, dirigi\u00e9ndose directamente a la afici\u00f3n cacere\u00f1a de cara al partido m\u00e1s importante de la temporada.<\/p>\n<p><a href=\"http:\/\/www.youtube.com\/watch?v=sq3nLIk1JEo\">Mensaje de Aranzana a la afici\u00f3n<\/a><\/p>\n<p>Tambi\u00e9n al capit\u00e1n, Juan Sanguino, que lanza un mensaje de optimismo.<\/p>\n<p><a href=\"http:\/\/www.youtube.com\/watch?v=OS4yJ30_5H8\">Mensaje de Sanguino<\/a><\/p>\n<p>Ahora mismo est\u00e1n todos en descansando en sus habitaciones, imagino que unos tratando de distraerse con lo que sea y otros d\u00e1ndole vueltas al partido, visualizando c\u00f3mo pueden desarrollarse los acontecimientos. A eso de las seis y media tendr\u00e1n la \u00faltima charla t\u00e9cnica antes de subirse autob\u00fas para marchar hacia El Plant\u00edo, donde se espera de nuevo un ambiente espectacular, posiblemente esta vez con el aforo completo. Por cierto, que el C\u00e1ceres realizar\u00e1 el trayecto escoltado por la Polic\u00eda Nacional, m\u00e1s que nada por precauci\u00f3n y porque as\u00ed se lo han pedido desde la Comisar\u00eda de Burgos, que no quiere dejar nada al azar despu\u00e9s ver c\u00f3mo estaban los \u00e1nimos de caldeados tras el segundo partido. All\u00ed estaremos, para contaros todo lo que pase en esos cuarenta minutos en los que se decide si, 20 a\u00f1os despu\u00e9s, el C\u00e1ceres vuelve a jugar una semifinal por el ascenso a la ACB.<\/p>\n<p>La Federaci\u00f3n Espa\u00f1ola de Baloncesto ha anunciado que ofrecer\u00e1 el choque en directo por <a href=\"http:\/\/adecco.febtv.com\/index.aspx\" target=\"_blank\">FEBtv.com<\/a>. Esperemos que esta vez no falle la se\u00f1al.<\/p>\n<!-- AddThis Advanced Settings generic via filter on the_content --><!-- AddThis Share Buttons generic via filter on the_content -->","protected":false},"excerpt":{"rendered":"<p>Luce el sol en Burgos, una agradable novedad con respecto a hace 10 d\u00edas, cuando apenas dej\u00f3 de llover unas horas durante todo el fin de semana que pasamos aqu\u00ed con el C\u00e1ceres. El equipo lleva en la ciudad desde ayer lunes, relaj\u00e1ndose en la tranquilidad del mismo hotel que entonces y deseoso de que [&hellip;]<!-- AddThis Advanced Settings generic via filter on get_the_excerpt --><!-- AddThis Share Buttons generic via filter on get_the_excerpt --><\/p>\n","protected":false},"author":47,"featured_media":0,"comment_status":"open","ping_status":"closed","sticky":false,"template":"","format":"standard","meta":[],"categories":[2],"tags":[],"_links":{"self":[{"href":"https:\/\/blogs.hoy.es\/caceres-sabe-a-plyoffs\/wp-json\/wp\/v2\/posts\/45"}],"collection":[{"href":"https:\/\/blogs.hoy.es\/caceres-sabe-a-plyoffs\/wp-json\/wp\/v2\/posts"}],"about":[{"href":"https:\/\/blogs.hoy.es\/caceres-sabe-a-plyoffs\/wp-json\/wp\/v2\/types\/post"}],"author":[{"embeddable":true,"href":"https:\/\/blogs.hoy.es\/caceres-sabe-a-plyoffs\/wp-json\/wp\/v2\/users\/47"}],"replies":[{"embeddable":true,"href":"https:\/\/blogs.hoy.es\/caceres-sabe-a-plyoffs\/wp-json\/wp\/v2\/comments?post=45"}],"version-history":[{"count":0,"href":"https:\/\/blogs.hoy.es\/caceres-sabe-a-plyoffs\/wp-json\/wp\/v2\/posts\/45\/revisions"}],"wp:attachment":[{"href":"https:\/\/blogs.hoy.es\/caceres-sabe-a-plyoffs\/wp-json\/wp\/v2\/media?parent=45"}],"wp:term":[{"taxonomy":"category","embeddable":true,"href":"https:\/\/blogs.hoy.es\/caceres-sabe-a-plyoffs\/wp-json\/wp\/v2\/categories?post=45"},{"taxonomy":"post_tag","embeddable":true,"href":"https:\/\/blogs.hoy.es\/caceres-sabe-a-plyoffs\/wp-json\/wp\/v2\/tags?post=45"}],"curies":[{"name":"wp","href":"https:\/\/api.w.org\/{rel}","templated":true}]}}