{"id":55,"date":"2012-05-18T19:17:33","date_gmt":"2012-05-18T17:17:33","guid":{"rendered":"http:\/\/blogs.hoy.es\/caceres-sabe-a-plyoffs\/?p=55"},"modified":"2012-05-18T19:17:33","modified_gmt":"2012-05-18T17:17:33","slug":"antelo-se-pierde-el-primero","status":"publish","type":"post","link":"https:\/\/blogs.hoy.es\/caceres-sabe-a-plyoffs\/2012\/05\/18\/antelo-se-pierde-el-primero\/","title":{"rendered":"Antelo se pierde el primero"},"content":{"rendered":"<p><a href=\"\/caceres-sabe-a-plyoffs\/wp-content\/uploads\/sites\/43\/2012\/05\/Antelo-no-juega.jpg\"><img loading=\"lazy\" class=\"alignleft size-medium wp-image-56\" title=\"Antelo no juega\" src=\"\/caceres-sabe-a-plyoffs\/wp-content\/uploads\/sites\/43\/2012\/05\/Antelo-no-juega.jpg\" alt=\"\" width=\"300\" height=\"225\" srcset=\"https:\/\/static-blogs.hoy.es\/wp-content\/uploads\/sites\/43\/2012\/05\/Antelo-no-juega.jpg 2000w, https:\/\/static-blogs.hoy.es\/wp-content\/uploads\/sites\/43\/2012\/05\/Antelo-no-juega-300x225.jpg 300w, https:\/\/static-blogs.hoy.es\/wp-content\/uploads\/sites\/43\/2012\/05\/Antelo-no-juega-768x576.jpg 768w, https:\/\/static-blogs.hoy.es\/wp-content\/uploads\/sites\/43\/2012\/05\/Antelo-no-juega-1024x768.jpg 1024w\" sizes=\"(max-width: 300px) 100vw, 300px\" \/><\/a>\u00bfSimple precauci\u00f3n o su gemelo ha dicho basta? Seguramente un poco de las dos cosas, pero el caso es que apenas he puesto el pie en el hotel del concentraci\u00f3n del equipo en Melilla y llega la primera mala noticia: Aranzana me ha confirmado que Jos\u00e9 \u00c1ngel Antelo es baja segura para el partido de esta noche, y por c\u00f3mo lo ha dicho no parec\u00eda una estrategia. El entrenador considera que el riesgo es excesivo y va a intentar sacar adelante el choque sin \u00e9l. Si sale bien, perfecto porque se habr\u00e1 logrado sin forzar al gallego, y si\u00a0 a\u00fan hay margen de error para reaccionar en una serie que de todos modos se prev\u00e9 larga. Ese es b\u00e1sicamente el razonamiento del cuerpo t\u00e9cnico para haber tomado una decisi\u00f3n tan arriesgada.<\/p>\n<p>Lleg\u00e1bamos la ciudad contentos, entre bromas por habernos encontrado a Santiago Segura, Jos\u00e9 Mota y otros actores famosos en la cafeter\u00eda del aeropuerto de Melilla, y de repente ha ca\u00eddo este jarro de agua fr\u00eda que, aunque pod\u00eda ser previsible, fastidia un poco el optimismo y complica a\u00fan m\u00e1s arrancar la eliminatoria de semis con un resultado positivo.<\/p>\n<p>De momento no hay mucho m\u00e1s que contar. Los dem\u00e1s est\u00e1n todos bien excepto por los ya conocidos problemas de espalda de Carlos Cherry y la ausencia de Pedro Robles, que se ha quedado en C\u00e1ceres recuper\u00e1ndose de su rotura muscular. Pese a lo de Antelo la confianza est\u00e1 alta y el equipo llega a la serie con la motivaci\u00f3n intacta, seg\u00fan me ha estado explicando Aranzana. Hoy han tenido un d\u00eda bastante tranquilo. Ya mismo salimos para el pabell\u00f3n Javier Imbroda, todos andando porque est\u00e1 a pocos metros del hotel. Expectaci\u00f3n.<\/p>\n<!-- AddThis Advanced Settings generic via filter on the_content --><!-- AddThis Share Buttons generic via filter on the_content -->","protected":false},"excerpt":{"rendered":"<p>\u00bfSimple precauci\u00f3n o su gemelo ha dicho basta? Seguramente un poco de las dos cosas, pero el caso es que apenas he puesto el pie en el hotel del concentraci\u00f3n del equipo en Melilla y llega la primera mala noticia: Aranzana me ha confirmado que Jos\u00e9 \u00c1ngel Antelo es baja segura para el partido de [&hellip;]<!-- AddThis Advanced Settings generic via filter on get_the_excerpt --><!-- AddThis Share Buttons generic via filter on get_the_excerpt --><\/p>\n","protected":false},"author":47,"featured_media":0,"comment_status":"open","ping_status":"closed","sticky":false,"template":"","format":"standard","meta":[],"categories":[2],"tags":[],"_links":{"self":[{"href":"https:\/\/blogs.hoy.es\/caceres-sabe-a-plyoffs\/wp-json\/wp\/v2\/posts\/55"}],"collection":[{"href":"https:\/\/blogs.hoy.es\/caceres-sabe-a-plyoffs\/wp-json\/wp\/v2\/posts"}],"about":[{"href":"https:\/\/blogs.hoy.es\/caceres-sabe-a-plyoffs\/wp-json\/wp\/v2\/types\/post"}],"author":[{"embeddable":true,"href":"https:\/\/blogs.hoy.es\/caceres-sabe-a-plyoffs\/wp-json\/wp\/v2\/users\/47"}],"replies":[{"embeddable":true,"href":"https:\/\/blogs.hoy.es\/caceres-sabe-a-plyoffs\/wp-json\/wp\/v2\/comments?post=55"}],"version-history":[{"count":0,"href":"https:\/\/blogs.hoy.es\/caceres-sabe-a-plyoffs\/wp-json\/wp\/v2\/posts\/55\/revisions"}],"wp:attachment":[{"href":"https:\/\/blogs.hoy.es\/caceres-sabe-a-plyoffs\/wp-json\/wp\/v2\/media?parent=55"}],"wp:term":[{"taxonomy":"category","embeddable":true,"href":"https:\/\/blogs.hoy.es\/caceres-sabe-a-plyoffs\/wp-json\/wp\/v2\/categories?post=55"},{"taxonomy":"post_tag","embeddable":true,"href":"https:\/\/blogs.hoy.es\/caceres-sabe-a-plyoffs\/wp-json\/wp\/v2\/tags?post=55"}],"curies":[{"name":"wp","href":"https:\/\/api.w.org\/{rel}","templated":true}]}}