{"id":61,"date":"2012-05-20T12:13:51","date_gmt":"2012-05-20T10:13:51","guid":{"rendered":"http:\/\/blogs.hoy.es\/caceres-sabe-a-plyoffs\/?p=61"},"modified":"2012-05-20T12:13:51","modified_gmt":"2012-05-20T10:13:51","slug":"61","status":"publish","type":"post","link":"https:\/\/blogs.hoy.es\/caceres-sabe-a-plyoffs\/2012\/05\/20\/61\/","title":{"rendered":"Una ciudad para descubrir (y no, no juega Antelo)"},"content":{"rendered":"<p><a href=\"\/caceres-sabe-a-plyoffs\/wp-content\/uploads\/sites\/43\/2012\/05\/Antelo-en-el-mar.jpg\"><img loading=\"lazy\" class=\"alignleft size-medium wp-image-62\" title=\"Antelo t Mario D\u00edaz en el mar de Melilla\" src=\"\/caceres-sabe-a-plyoffs\/wp-content\/uploads\/sites\/43\/2012\/05\/Antelo-en-el-mar.jpg\" alt=\"\" width=\"300\" height=\"149\" \/><\/a>\u00bfVeis a esos dos tipos en la lejan\u00eda del mar de Melilla? Son Jos\u00e9 \u00c1ngel Antelo y Mario D\u00edaz Hell\u00edn, el preparador f\u00edsico del C\u00e1ceres (Antelo es el alto \u00bfeh?), que esta siendo su sombra junto al fisio, Juan Luis Ruiz, durante esta primera concentraci\u00f3n de semifinales. Pacere ser que el agua del mar le viene bien para regenerar la membrana del gemelo que tiene da\u00f1ada, as\u00ed que le est\u00e1 tocando trabajar bastante al margen de sus compa\u00f1eros, y de hecho no ha participado a\u00fan en ning\u00fan entrenamiento.<\/p>\n<p>Al fin he tenido tiempo de darme una vuelta un poco m\u00e1s amplia por esta ciudad tan desconocida para la mayor\u00eda de los que vivimos en la pen\u00ednsula, pero fascinante a poco que te interese la mezcla de culturas y c\u00f3mo hacen para convivir tranquilamente sin los conflictos que se dan en otros lugares. El paseo mar\u00edtimo, la plaza de Espa\u00f1a o lo que aqu\u00ed llaman el Tri\u00e1ngulo\u00a0 de Oro o Modernista merecen una mirada atenta, y c\u00f3mo no tambi\u00e9n la Ciudad Vieja (os dejo unas fotos m\u00e1s abajo que he ido haciendo &#8211;clic para ampliar), antigua fortaleza que no quiero quedarme con las ganas de visitar con algo m\u00e1s de tiempo, as\u00ed que luego intentar\u00e9 sacar un par de horas para subir. La ventaja es que el hotel est\u00e1 en pleno centro y todo cae cerca.<\/p>\n<p><a href=\"\/caceres-sabe-a-plyoffs\/wp-content\/uploads\/sites\/43\/2012\/05\/Ciudad-Vieja1.jpg\"><img loading=\"lazy\" class=\"alignleft size-medium wp-image-68\" title=\"Ciudad Vieja\" src=\"\/caceres-sabe-a-plyoffs\/wp-content\/uploads\/sites\/43\/2012\/05\/Ciudad-Vieja1.jpg\" alt=\"\" width=\"300\" height=\"225\" srcset=\"https:\/\/static-blogs.hoy.es\/wp-content\/uploads\/sites\/43\/2012\/05\/Ciudad-Vieja1.jpg 2000w, https:\/\/static-blogs.hoy.es\/wp-content\/uploads\/sites\/43\/2012\/05\/Ciudad-Vieja1-300x225.jpg 300w, https:\/\/static-blogs.hoy.es\/wp-content\/uploads\/sites\/43\/2012\/05\/Ciudad-Vieja1-768x576.jpg 768w, https:\/\/static-blogs.hoy.es\/wp-content\/uploads\/sites\/43\/2012\/05\/Ciudad-Vieja1-1024x768.jpg 1024w\" sizes=\"(max-width: 300px) 100vw, 300px\" \/><\/a> <a href=\"\/caceres-sabe-a-plyoffs\/wp-content\/uploads\/sites\/43\/2012\/05\/Playa-y-paseo-mar%C3%ADtimo2.jpg\"><img loading=\"lazy\" class=\"alignright size-medium wp-image-69\" title=\"Playa y paseo mar\u00edtimo\" src=\"\/caceres-sabe-a-plyoffs\/wp-content\/uploads\/sites\/43\/2012\/05\/Playa-y-paseo-mar%C3%ADtimo2.jpg\" alt=\"\" width=\"300\" height=\"225\" \/><\/a><\/p>\n<p>&nbsp;<\/p>\n<p>&nbsp;<\/p>\n<p>&nbsp;<\/p>\n<p>&nbsp;<\/p>\n<p>&nbsp;<\/p>\n<p>&nbsp;<\/p>\n<p>&nbsp;<\/p>\n<p><a href=\"\/caceres-sabe-a-plyoffs\/wp-content\/uploads\/sites\/43\/2012\/05\/Plaza-de-Espa%C3%B1a1.jpg\"><img loading=\"lazy\" class=\"alignleft size-medium wp-image-70\" title=\"Ayuntamiento en la Plaza de Espa\u00f1a\" src=\"\/caceres-sabe-a-plyoffs\/wp-content\/uploads\/sites\/43\/2012\/05\/Plaza-de-Espa%C3%B1a1.jpg\" alt=\"\" width=\"300\" height=\"225\" \/><\/a> <a href=\"\/caceres-sabe-a-plyoffs\/wp-content\/uploads\/sites\/43\/2012\/05\/Edificios-modernistas-en-el-Tri%C3%A1ngulo-de-Oro1.jpg\"><img loading=\"lazy\" class=\"alignright size-medium wp-image-71\" title=\"Edificios modernistas en el Tri\u00e1ngulo de Oro\" src=\"\/caceres-sabe-a-plyoffs\/wp-content\/uploads\/sites\/43\/2012\/05\/Edificios-modernistas-en-el-Tri%C3%A1ngulo-de-Oro1.jpg\" alt=\"\" width=\"300\" height=\"225\" \/><\/a><\/p>\n<p>Anoche estuve viendo la final de la Champions junto al \u2018staff\u2019 t\u00e9cnico del club, que dicho sea de paso es bastante futbolero, sobre todo el entrenador ayudante, Mario Segal\u00e1s, que lleva al CP Cacere\u00f1o en el coraz\u00f3n. Luego todos a descansar porque hab\u00edan adelantado a las diez de la ma\u00f1ana de hoy el entrenamiento en el Javier Imbroda, donde el equipo tan solo ha realizado algunos estiramientos y un poco de tiro. Los cuerpos est\u00e1n ya bastante machacados y el de esta tarde ser\u00e1 el quinto partido en nueve d\u00edas. Al igual que hicieron el viernes van a intentar sacarlo adelante sin Antelo, misi\u00f3n complicada pero que de salir bien puede facilitar un escenario ideal: volver a C\u00e1ceres con la eliminatoria 0-2 y con cinco d\u00edas por delante hasta el tercer encuentro para recuperar perfectamente al gallego. Por cierto, estamos hablando poco de Pedro Robles y, seg\u00fan me cuentan, su recuperaci\u00f3n va bastante r\u00e1pida y que nadie descarte que podamos verle reaparecer incluso en semifinales en el caso de que la serie se alargue.<\/p>\n<p>Tras la tranquilidad de la jornada de ayer, la tensi\u00f3n vuelve poco a poco a apoderarse del equipo ante la perspectiva de asestarle dentro de unas horas un golpe a la eliminatoria que puede ser casi definitivo.<\/p>\n<!-- AddThis Advanced Settings generic via filter on the_content --><!-- AddThis Share Buttons generic via filter on the_content -->","protected":false},"excerpt":{"rendered":"<p>\u00bfVeis a esos dos tipos en la lejan\u00eda del mar de Melilla? Son Jos\u00e9 \u00c1ngel Antelo y Mario D\u00edaz Hell\u00edn, el preparador f\u00edsico del C\u00e1ceres (Antelo es el alto \u00bfeh?), que esta siendo su sombra junto al fisio, Juan Luis Ruiz, durante esta primera concentraci\u00f3n de semifinales. Pacere ser que el agua del mar le [&hellip;]<!-- AddThis Advanced Settings generic via filter on get_the_excerpt --><!-- AddThis Share Buttons generic via filter on get_the_excerpt --><\/p>\n","protected":false},"author":47,"featured_media":0,"comment_status":"open","ping_status":"closed","sticky":false,"template":"","format":"standard","meta":[],"categories":[2],"tags":[],"_links":{"self":[{"href":"https:\/\/blogs.hoy.es\/caceres-sabe-a-plyoffs\/wp-json\/wp\/v2\/posts\/61"}],"collection":[{"href":"https:\/\/blogs.hoy.es\/caceres-sabe-a-plyoffs\/wp-json\/wp\/v2\/posts"}],"about":[{"href":"https:\/\/blogs.hoy.es\/caceres-sabe-a-plyoffs\/wp-json\/wp\/v2\/types\/post"}],"author":[{"embeddable":true,"href":"https:\/\/blogs.hoy.es\/caceres-sabe-a-plyoffs\/wp-json\/wp\/v2\/users\/47"}],"replies":[{"embeddable":true,"href":"https:\/\/blogs.hoy.es\/caceres-sabe-a-plyoffs\/wp-json\/wp\/v2\/comments?post=61"}],"version-history":[{"count":0,"href":"https:\/\/blogs.hoy.es\/caceres-sabe-a-plyoffs\/wp-json\/wp\/v2\/posts\/61\/revisions"}],"wp:attachment":[{"href":"https:\/\/blogs.hoy.es\/caceres-sabe-a-plyoffs\/wp-json\/wp\/v2\/media?parent=61"}],"wp:term":[{"taxonomy":"category","embeddable":true,"href":"https:\/\/blogs.hoy.es\/caceres-sabe-a-plyoffs\/wp-json\/wp\/v2\/categories?post=61"},{"taxonomy":"post_tag","embeddable":true,"href":"https:\/\/blogs.hoy.es\/caceres-sabe-a-plyoffs\/wp-json\/wp\/v2\/tags?post=61"}],"curies":[{"name":"wp","href":"https:\/\/api.w.org\/{rel}","templated":true}]}}