{"id":84,"date":"2012-05-26T14:36:04","date_gmt":"2012-05-26T12:36:04","guid":{"rendered":"http:\/\/blogs.hoy.es\/caceres-sabe-a-plyoffs\/?p=84"},"modified":"2012-05-26T14:36:04","modified_gmt":"2012-05-26T12:36:04","slug":"bueno-bueno-bueno","status":"publish","type":"post","link":"https:\/\/blogs.hoy.es\/caceres-sabe-a-plyoffs\/2012\/05\/26\/bueno-bueno-bueno\/","title":{"rendered":"Bueno, bueno, bueno&#8230;"},"content":{"rendered":"<p><a href=\"\/caceres-sabe-a-plyoffs\/wp-content\/uploads\/sites\/43\/2012\/05\/Dani-y-Antelo.jpg\"><img loading=\"lazy\" class=\"alignleft size-medium wp-image-85\" title=\"Dani Rodr\u00edguez y Antelo, anoche. (Foto: Lorenzo Cordero)\" src=\"\/caceres-sabe-a-plyoffs\/wp-content\/uploads\/sites\/43\/2012\/05\/Dani-y-Antelo.jpg\" alt=\"\" width=\"200\" height=\"300\" srcset=\"https:\/\/static-blogs.hoy.es\/wp-content\/uploads\/sites\/43\/2012\/05\/Dani-y-Antelo.jpg 1000w, https:\/\/static-blogs.hoy.es\/wp-content\/uploads\/sites\/43\/2012\/05\/Dani-y-Antelo-200x300.jpg 200w, https:\/\/static-blogs.hoy.es\/wp-content\/uploads\/sites\/43\/2012\/05\/Dani-y-Antelo-768x1152.jpg 768w, https:\/\/static-blogs.hoy.es\/wp-content\/uploads\/sites\/43\/2012\/05\/Dani-y-Antelo-683x1024.jpg 683w\" sizes=\"(max-width: 200px) 100vw, 200px\" \/><\/a>Pues eso, buena la que est\u00e1 liando el C\u00e1ceres en estos playoffs, y la que se va a montar como gane ma\u00f1ana el cuarto partido en el Multiusos y se plante en la final con el Menorca. He hablado hace un rato con Gustavo Aranzana y Dani Rodr\u00edguez para la previa y ambos transmit\u00edan una mezcla de serenidad e ilusi\u00f3n que me parece muy conveniente para este s\u00e1bado entre partidos de playoffs, en el que siempre les cuesta mucho a los jugadores desconectar, sobre todo cuando tienen ante s\u00ed una oportunidad tan buena tanto en lo colectivo como en lo personal. Una final por el ascenso es un caramelo para ellos, ya que la mayor\u00eda a\u00fan tienen la ambici\u00f3n de seguir creciendo en el baloncesto.<\/p>\n<p>La gran fiesta de anoche en el Multiusos se puede quedar peque\u00f1a comparada con lo que se vislumbra para ma\u00f1ana. Sin final de Copa del Rey de por medio y con el cebo de que se trata de un\u00a0 partido decisivo es muy probable que el pabell\u00f3n registre este domingo la mejor entrada de los \u00faltimos a\u00f1os. Ese ser\u00eda el mejor remedio para el tremendo cansancio que arrastran gran parte de los jugadores, sobe todo los hombres del per\u00edmetro, que se est\u00e1n teniendo que multiplicar por la lesi\u00f3n de Pedro Robles. Dani Rodr\u00edguez jug\u00f3 ayer m\u00e1s de 38 minutos y Francis S\u00e1nchez m\u00e1s de 36, una barbaridad tras lo que lleva esta gente acumulado a estas alturas, con ocho partidos en 22 d\u00edas. Y tendr\u00e1n que seguir haciendo el esfuerzo porque la reaparici\u00f3n de Robles parece descartada al menos hasta una hipot\u00e9tica final.<\/p>\n<p>Y qu\u00e9 decir de la reaparici\u00f3n estelar de Antelo. El gallego fue junto a Dani Rodr\u00edguez el h\u00e9roe de la victoria en una noche en la que el equipo estuvo especialmente espeso y falto de mordiente en defensa. Lo mejor es que no ha reca\u00eddo y estar\u00e1 disponible ma\u00f1ana, aunque sigue en tratamiento para recuperar del todo su gemelo. Est\u00e1 llamado a jugar ma\u00f1ana de nuevo un papel fundamental para intentar evitar un quinto partido en Melilla que nadie quiere por lo que tendr\u00eda de cara o cruz y tambi\u00e9n &#8211;pequemos un poquito de imprudentes&#8211; pensando ya en plantar la m\u00e1xima batalla al descansado Menorca, que espera rival pl\u00e1cidamente desde el jueves.<\/p>\n<p>Esto no ha terminado, y puede que las mayores emociones est\u00e9n a\u00fan por llegar. \u00bfSe puede pedir m\u00e1s?<\/p>\n<!-- AddThis Advanced Settings generic via filter on the_content --><!-- AddThis Share Buttons generic via filter on the_content -->","protected":false},"excerpt":{"rendered":"<p>Pues eso, buena la que est\u00e1 liando el C\u00e1ceres en estos playoffs, y la que se va a montar como gane ma\u00f1ana el cuarto partido en el Multiusos y se plante en la final con el Menorca. He hablado hace un rato con Gustavo Aranzana y Dani Rodr\u00edguez para la previa y ambos transmit\u00edan una [&hellip;]<!-- AddThis Advanced Settings generic via filter on get_the_excerpt --><!-- AddThis Share Buttons generic via filter on get_the_excerpt --><\/p>\n","protected":false},"author":47,"featured_media":0,"comment_status":"open","ping_status":"closed","sticky":false,"template":"","format":"standard","meta":[],"categories":[2],"tags":[],"_links":{"self":[{"href":"https:\/\/blogs.hoy.es\/caceres-sabe-a-plyoffs\/wp-json\/wp\/v2\/posts\/84"}],"collection":[{"href":"https:\/\/blogs.hoy.es\/caceres-sabe-a-plyoffs\/wp-json\/wp\/v2\/posts"}],"about":[{"href":"https:\/\/blogs.hoy.es\/caceres-sabe-a-plyoffs\/wp-json\/wp\/v2\/types\/post"}],"author":[{"embeddable":true,"href":"https:\/\/blogs.hoy.es\/caceres-sabe-a-plyoffs\/wp-json\/wp\/v2\/users\/47"}],"replies":[{"embeddable":true,"href":"https:\/\/blogs.hoy.es\/caceres-sabe-a-plyoffs\/wp-json\/wp\/v2\/comments?post=84"}],"version-history":[{"count":0,"href":"https:\/\/blogs.hoy.es\/caceres-sabe-a-plyoffs\/wp-json\/wp\/v2\/posts\/84\/revisions"}],"wp:attachment":[{"href":"https:\/\/blogs.hoy.es\/caceres-sabe-a-plyoffs\/wp-json\/wp\/v2\/media?parent=84"}],"wp:term":[{"taxonomy":"category","embeddable":true,"href":"https:\/\/blogs.hoy.es\/caceres-sabe-a-plyoffs\/wp-json\/wp\/v2\/categories?post=84"},{"taxonomy":"post_tag","embeddable":true,"href":"https:\/\/blogs.hoy.es\/caceres-sabe-a-plyoffs\/wp-json\/wp\/v2\/tags?post=84"}],"curies":[{"name":"wp","href":"https:\/\/api.w.org\/{rel}","templated":true}]}}