{"id":86,"date":"2012-05-28T14:21:29","date_gmt":"2012-05-28T12:21:29","guid":{"rendered":"http:\/\/blogs.hoy.es\/caceres-sabe-a-plyoffs\/?p=86"},"modified":"2012-05-28T14:21:29","modified_gmt":"2012-05-28T12:21:29","slug":"el-espiritu-de-burgos","status":"publish","type":"post","link":"https:\/\/blogs.hoy.es\/caceres-sabe-a-plyoffs\/2012\/05\/28\/el-espiritu-de-burgos\/","title":{"rendered":"El esp\u00edritu de Burgos"},"content":{"rendered":"<p><a href=\"\/caceres-sabe-a-plyoffs\/wp-content\/uploads\/sites\/43\/2012\/05\/Mascota.jpg\"><img loading=\"lazy\" class=\"alignleft size-medium wp-image-87\" title=\"El chaval que hace de la mascota Bujaquito se lamenta ante un cartel de \u00e1nimos (Foto: Armando M\u00e9ndez)\" src=\"\/caceres-sabe-a-plyoffs\/wp-content\/uploads\/sites\/43\/2012\/05\/Mascota.jpg\" alt=\"\" width=\"200\" height=\"300\" srcset=\"https:\/\/static-blogs.hoy.es\/wp-content\/uploads\/sites\/43\/2012\/05\/Mascota.jpg 1000w, https:\/\/static-blogs.hoy.es\/wp-content\/uploads\/sites\/43\/2012\/05\/Mascota-200x300.jpg 200w, https:\/\/static-blogs.hoy.es\/wp-content\/uploads\/sites\/43\/2012\/05\/Mascota-768x1152.jpg 768w, https:\/\/static-blogs.hoy.es\/wp-content\/uploads\/sites\/43\/2012\/05\/Mascota-683x1024.jpg 683w\" sizes=\"(max-width: 200px) 100vw, 200px\" \/><\/a>El <a href=\"http:\/\/www.hoy.es\/v\/20120528\/deportes\/baloncesto\/dura-derrota-vuelta-melilla-20120528.html\" target=\"_blank\">mazazo<\/a> ha sido gordo, sobre todo por la afici\u00f3n que, no llen\u00f3, porque eso es imposible, pero s\u00ed creo el mejor ambiente visto en a\u00f1os en el Multiusos en un partido de un equipo local. Aunque de puertas para afuera todo eran apelaciones a la prudencia, estoy seguro de que la mayor\u00eda de la gente de C\u00e1ceres y de los miembros el equipo no esperaban tener que regresar hoy a Melilla despu\u00e9s de lo bien que se les hab\u00eda puesto la eliminatoria del viernes. Pero conviene ser capaz de racionalizar estos varapalos y darse cuenta de que, en realidad, no hay nada perdido. Recuperar <a href=\"http:\/\/www.hoy.es\/v\/20120516\/deportes\/baloncesto\/caceres-semis-triunfo-epico-20120516.html\" target=\"_blank\">el esp\u00edritu de Burgos<\/a> es la mejor medicina, porque entonces s\u00ed que la clasificaci\u00f3n para semis parec\u00eda imposible y se acab\u00f3 dando en el quinto partido la campanada del a\u00f1o.<\/p>\n<p>El pesimismo es normal cuando se viene de perder, pero dando un pasito atr\u00e1s nos encontramos con varios motivos para optimismo. El primero y m\u00e1s evidente es que el C\u00e1ceres ya ha sido capaz de ganar en Melilla y adem\u00e1s con una enorme solvencia, en el primer partido de la serie. El viaje tan precipitado para jugar ma\u00f1ana parece un inconveniente, pero deja de serlo si se piensa que el rival tiene que hacer exactamente lo mismo. Pensar en lo que espera luego si se gana es, por el momento, ir demasiado lejos. Ya habr\u00eda tiempo de preocuparse de eso el mi\u00e9rcoles, lo cual por cierto ser\u00eda magn\u00edfico porque significar\u00eda que el C\u00e1ceres est\u00e1 en la final. Por \u00faltimo hay que mencionar la capacidad de superaci\u00f3n en ambientes hostiles que llevan demostrando los jugadores durante toda la fase de ascenso.<\/p>\n<p>Insisto en que lo que m\u00e1s me fastidia de la derrota del domingo, al margen de c\u00f3mo se produjo, es que la afici\u00f3n, sobre todo ese par de miles que llevan todo el a\u00f1o apoyando al equipo, no haya podido presenciar en directo el pase a la final de los suyos. La gran mayor\u00eda no pudo estar en Burgos en la anterior eliminatoria y tampoco van a estar en Melilla si se consigue la clasificaci\u00f3n, lo cual, por cierto, es un est\u00edmulo extra para m\u00ed en el intento de trasladar lo mejor posible lo que est\u00e1 ocurriendo en estos apasionantes playoffs, tanto en los partidos de casa como, y sobre todo, en los de fuera.<\/p>\n<p>Ma\u00f1ana estar\u00e9 de nuevo en Melilla, nueva prueba del compromiso que ha adquirido el Diario HOY en esta fase final por la ACB con los aficionados al baloncesto de toda Extremadura y los lectores cacere\u00f1os en particular. Ojal\u00e1 sea tan solo una escala en el viaje definitivo a Menorca.<\/p>\n<!-- AddThis Advanced Settings generic via filter on the_content --><!-- AddThis Share Buttons generic via filter on the_content -->","protected":false},"excerpt":{"rendered":"<p>El mazazo ha sido gordo, sobre todo por la afici\u00f3n que, no llen\u00f3, porque eso es imposible, pero s\u00ed creo el mejor ambiente visto en a\u00f1os en el Multiusos en un partido de un equipo local. Aunque de puertas para afuera todo eran apelaciones a la prudencia, estoy seguro de que la mayor\u00eda de la [&hellip;]<!-- AddThis Advanced Settings generic via filter on get_the_excerpt --><!-- AddThis Share Buttons generic via filter on get_the_excerpt --><\/p>\n","protected":false},"author":47,"featured_media":0,"comment_status":"open","ping_status":"closed","sticky":false,"template":"","format":"standard","meta":[],"categories":[2],"tags":[],"_links":{"self":[{"href":"https:\/\/blogs.hoy.es\/caceres-sabe-a-plyoffs\/wp-json\/wp\/v2\/posts\/86"}],"collection":[{"href":"https:\/\/blogs.hoy.es\/caceres-sabe-a-plyoffs\/wp-json\/wp\/v2\/posts"}],"about":[{"href":"https:\/\/blogs.hoy.es\/caceres-sabe-a-plyoffs\/wp-json\/wp\/v2\/types\/post"}],"author":[{"embeddable":true,"href":"https:\/\/blogs.hoy.es\/caceres-sabe-a-plyoffs\/wp-json\/wp\/v2\/users\/47"}],"replies":[{"embeddable":true,"href":"https:\/\/blogs.hoy.es\/caceres-sabe-a-plyoffs\/wp-json\/wp\/v2\/comments?post=86"}],"version-history":[{"count":0,"href":"https:\/\/blogs.hoy.es\/caceres-sabe-a-plyoffs\/wp-json\/wp\/v2\/posts\/86\/revisions"}],"wp:attachment":[{"href":"https:\/\/blogs.hoy.es\/caceres-sabe-a-plyoffs\/wp-json\/wp\/v2\/media?parent=86"}],"wp:term":[{"taxonomy":"category","embeddable":true,"href":"https:\/\/blogs.hoy.es\/caceres-sabe-a-plyoffs\/wp-json\/wp\/v2\/categories?post=86"},{"taxonomy":"post_tag","embeddable":true,"href":"https:\/\/blogs.hoy.es\/caceres-sabe-a-plyoffs\/wp-json\/wp\/v2\/tags?post=86"}],"curies":[{"name":"wp","href":"https:\/\/api.w.org\/{rel}","templated":true}]}}