{"id":88,"date":"2012-05-29T10:35:49","date_gmt":"2012-05-29T08:35:49","guid":{"rendered":"http:\/\/blogs.hoy.es\/caceres-sabe-a-plyoffs\/?p=88"},"modified":"2012-05-29T10:35:49","modified_gmt":"2012-05-29T08:35:49","slug":"el-partido","status":"publish","type":"post","link":"https:\/\/blogs.hoy.es\/caceres-sabe-a-plyoffs\/2012\/05\/29\/el-partido\/","title":{"rendered":"El Partido"},"content":{"rendered":"<p><a href=\"\/caceres-sabe-a-plyoffs\/wp-content\/uploads\/sites\/43\/2012\/05\/Charla-martes-Melilla1.jpg\"><img loading=\"lazy\" class=\"alignleft size-medium wp-image-90\" title=\"Concentraci\u00f3n en la charla de Gustavo Aranzana de esta ma\u00f1ana\" src=\"\/caceres-sabe-a-plyoffs\/wp-content\/uploads\/sites\/43\/2012\/05\/Charla-martes-Melilla1.jpg\" alt=\"\" width=\"300\" height=\"225\" srcset=\"https:\/\/static-blogs.hoy.es\/wp-content\/uploads\/sites\/43\/2012\/05\/Charla-martes-Melilla1.jpg 2000w, https:\/\/static-blogs.hoy.es\/wp-content\/uploads\/sites\/43\/2012\/05\/Charla-martes-Melilla1-300x225.jpg 300w, https:\/\/static-blogs.hoy.es\/wp-content\/uploads\/sites\/43\/2012\/05\/Charla-martes-Melilla1-768x576.jpg 768w, https:\/\/static-blogs.hoy.es\/wp-content\/uploads\/sites\/43\/2012\/05\/Charla-martes-Melilla1-1024x768.jpg 1024w\" sizes=\"(max-width: 300px) 100vw, 300px\" \/><\/a>Son las diez y pico de la ma\u00f1ana y hace como una hora que he llegado a Melilla. Escribo esta entrada desde el pabell\u00f3n Javier Imbroda, donde el equipo est\u00e1 llevando a cabo el \u00faltimo entrenamiento antes del Partido \u2013s\u00ed, con may\u00fasculas\u2014en el que se va decidir si termina para ellos la temporada y regresan a casa o se meten en la gran final por el ascenso a la ACB, ese anhelo tan al alcance de la mano que escap\u00f3 por un suspiro el domingo en el Multiusos.<\/p>\n<p>Ando un poco despistado por la falta de sue\u00f1o, pero aun as\u00ed viviendo desde ya una jornada que puede ser hist\u00f3rica para el baloncesto cacere\u00f1o, que, como se ha repetido hasta la saciedad, no se ve en una de estas desde hace veinte a\u00f1os. De momento me he encontrado en la expedici\u00f3n cacere\u00f1a caras serias, menos bromas de las habituales entre los miembros de la plantilla y concentraci\u00f3n absoluta en las palabras que les ha dirigido Gustavo Aranzana antes de comenzar la sesi\u00f3n. Veo hablar mucho entre ellos, m\u00e1s que de costumbre, al t\u00e9cnico y su ayudante, Mario Segal\u00e1s, qua hace un rato me comentaba en el ascensor del hotel la ambici\u00f3n que siguen teniendo los jugadores a estas alturas de los playoffs y las ganas de hacer algo grande. Ya es un logro haberse metido en semifinales eliminando al Burgos, pero tienen hambre de m\u00e1s.<\/p>\n<p>Pedro Robles se est\u00e1 entrenando al mismo ritmo que el resto y, aunque en teor\u00eda le queda una semana de recuperaci\u00f3n para evitar el riesgo de reca\u00edda, es probable que esta noche pueda entrar en alguna rotaci\u00f3n para descargar un poco a Francis S\u00e1nchez y Xavi Forcada sin necesidad de combinaciones antinaturales. Sin duda es una buena noticia.<\/p>\n<p>Hace calor en Melilla, un bochorno pegajoso acentuado por una neblina arenosa que en cualquier otro lugar probablemente resultar\u00eda molesto, pero que aqu\u00ed parece cuadrar perfectamente. Ya cont\u00e9 hace unos d\u00edas que me parece una ciudad para descubrir, tan interesante como desconocida para la mayor\u00eda de los peninsulares. Me encuentro bien en Melilla, esperemos que estos nueve tipos que est\u00e1n defendiendo hasta el l\u00edmite de sus fuerzas la camiseta del C\u00e1ceres sientan lo mismo durante el partido m\u00e1s importante del a\u00f1o, al menos por el momento. Sig\u00e1moslo juntos.<\/p>\n<p>Tambi\u00e9n la prensa de Melilla viene hoy con titulares de partido grande:<\/p>\n<p><a href=\"\/caceres-sabe-a-plyoffs\/wp-content\/uploads\/sites\/43\/2012\/05\/A-por-ellos1.jpg\"><img loading=\"lazy\" class=\"aligncenter size-medium wp-image-94\" title=\"A por ellos\" src=\"\/caceres-sabe-a-plyoffs\/wp-content\/uploads\/sites\/43\/2012\/05\/A-por-ellos1.jpg\" alt=\"\" width=\"300\" height=\"225\" srcset=\"https:\/\/static-blogs.hoy.es\/wp-content\/uploads\/sites\/43\/2012\/05\/A-por-ellos1.jpg 600w, https:\/\/static-blogs.hoy.es\/wp-content\/uploads\/sites\/43\/2012\/05\/A-por-ellos1-300x225.jpg 300w\" sizes=\"(max-width: 300px) 100vw, 300px\" \/><\/a><\/p>\n<p>&nbsp;<\/p>\n<p><strong>Actualizaci\u00f3n:<\/strong> El C\u00e1ceres acaba de recibir un e-mail de la FEB avisando de que los horarios de la final ser\u00edan fijos el viernes a las 20.45 y el domingo a las 18.00, porque Teledeporte va a emitir en directo todos los partidos. Un gran escaparate que supone un aliciente m\u00e1s para intentar entrar en la final.<\/p>\n<p>&nbsp;<\/p>\n<p>&nbsp;<\/p>\n<!-- AddThis Advanced Settings generic via filter on the_content --><!-- AddThis Share Buttons generic via filter on the_content -->","protected":false},"excerpt":{"rendered":"<p>Son las diez y pico de la ma\u00f1ana y hace como una hora que he llegado a Melilla. Escribo esta entrada desde el pabell\u00f3n Javier Imbroda, donde el equipo est\u00e1 llevando a cabo el \u00faltimo entrenamiento antes del Partido \u2013s\u00ed, con may\u00fasculas\u2014en el que se va decidir si termina para ellos la temporada y regresan [&hellip;]<!-- AddThis Advanced Settings generic via filter on get_the_excerpt --><!-- AddThis Share Buttons generic via filter on get_the_excerpt --><\/p>\n","protected":false},"author":47,"featured_media":0,"comment_status":"open","ping_status":"closed","sticky":false,"template":"","format":"standard","meta":[],"categories":[2],"tags":[],"_links":{"self":[{"href":"https:\/\/blogs.hoy.es\/caceres-sabe-a-plyoffs\/wp-json\/wp\/v2\/posts\/88"}],"collection":[{"href":"https:\/\/blogs.hoy.es\/caceres-sabe-a-plyoffs\/wp-json\/wp\/v2\/posts"}],"about":[{"href":"https:\/\/blogs.hoy.es\/caceres-sabe-a-plyoffs\/wp-json\/wp\/v2\/types\/post"}],"author":[{"embeddable":true,"href":"https:\/\/blogs.hoy.es\/caceres-sabe-a-plyoffs\/wp-json\/wp\/v2\/users\/47"}],"replies":[{"embeddable":true,"href":"https:\/\/blogs.hoy.es\/caceres-sabe-a-plyoffs\/wp-json\/wp\/v2\/comments?post=88"}],"version-history":[{"count":0,"href":"https:\/\/blogs.hoy.es\/caceres-sabe-a-plyoffs\/wp-json\/wp\/v2\/posts\/88\/revisions"}],"wp:attachment":[{"href":"https:\/\/blogs.hoy.es\/caceres-sabe-a-plyoffs\/wp-json\/wp\/v2\/media?parent=88"}],"wp:term":[{"taxonomy":"category","embeddable":true,"href":"https:\/\/blogs.hoy.es\/caceres-sabe-a-plyoffs\/wp-json\/wp\/v2\/categories?post=88"},{"taxonomy":"post_tag","embeddable":true,"href":"https:\/\/blogs.hoy.es\/caceres-sabe-a-plyoffs\/wp-json\/wp\/v2\/tags?post=88"}],"curies":[{"name":"wp","href":"https:\/\/api.w.org\/{rel}","templated":true}]}}