{"id":10,"date":"2012-04-21T19:23:00","date_gmt":"2012-04-21T19:23:00","guid":{"rendered":"http:\/\/blogs.hoy.es\/catalanaconjamon\/2012\/04\/21\/la-huella-de-jorge-de-capadocia-en-caceres-y-catalunya\/"},"modified":"2012-04-21T19:23:00","modified_gmt":"2012-04-21T19:23:00","slug":"la-huella-de-jorge-de-capadocia-en-caceres-y-catalunya","status":"publish","type":"post","link":"https:\/\/blogs.hoy.es\/catalanaconjamon\/2012\/04\/21\/la-huella-de-jorge-de-capadocia-en-caceres-y-catalunya\/","title":{"rendered":">La huella de Jorge de Capadocia en C\u00e1ceres y Catalunya"},"content":{"rendered":"<p>><!--[if gte mso 9]>   Normal  0      21      false  false  false    ES  X-NONE  X-NONE                                       MicrosoftInternetExplorer4                                     <![endif]--><!--[if gte mso 9]>                                                                                                                                                                                                                                                                                    <![endif]--><!--[if gte mso 10]> \/* Style Definitions *\/  table.MsoNormalTable  {mso-style-name:\"Tabla normal\";  mso-tstyle-rowband-size:0;  mso-tstyle-colband-size:0;  mso-style-noshow:yes;  mso-style-priority:99;  mso-style-qformat:yes;  mso-style-parent:\"\";  mso-padding-alt:0cm 5.4pt 0cm 5.4pt;  mso-para-margin:0cm;  mso-para-margin-bottom:.0001pt;  mso-pagination:widow-orphan;  font-size:11.0pt;  font-family:\"Calibri\",\"sans-serif\";  mso-ascii-font-family:Calibri;  mso-ascii-theme-font:minor-latin;  mso-fareast-font-family:\"Times New Roman\";  mso-fareast-theme-font:minor-fareast;  mso-hansi-font-family:Calibri;  mso-hansi-theme-font:minor-latin;  mso-bidi-font-family:\"Times New Roman\";  mso-bidi-theme-font:minor-bidi;} <![endif]-->   <\/p>\n<table align=\"center\" cellpadding=\"0\" cellspacing=\"0\" class=\"tr-caption-container\" style=\"margin-left: auto;margin-right: auto;text-align: center\">\n<tbody>\n<tr>\n<td style=\"text-align: center\"><a href=\"http:\/\/3.bp.blogspot.com\/-Q8LLsmhPIwA\/T5MIIyn8aiI\/AAAAAAAABdY\/oaf22ljrpBE\/s1600\/San+Jorge.jpg\"><img loading=\"lazy\" border=\"0\" height=\"222\" src=\"\/\/3.bp.blogspot.com\/-Q8LLsmhPIwA\/T5MIIyn8aiI\/AAAAAAAABdY\/oaf22ljrpBE\/s400\/San+Jorge.jpg\" width=\"400\" \/><\/a><\/td>\n<\/tr>\n<tr>\n<td class=\"tr-caption\" style=\"text-align: center\">&#8220;San Jorge y el drag\u00f3n&#8221; de Paolo Uccello<\/td>\n<\/tr>\n<\/tbody>\n<\/table>\n<div class=\"MsoNormal\" style=\"text-align: justify\"><b><span><\/span><\/b><span style=\"font-size: small\"><span>Junto con otros muchos lugares, como Inglaterra, Portugal, Hungr\u00eda o Georgia, la ciudad de C\u00e1ceres y Catalunya, en su conjunto, comparten el mismo patronazgo: el San Jorge cacere\u00f1o y el Sant Jordi catal\u00e1n. Ambos derivan de las m\u00faltiples leyendas e historias construidas en torno a la figura de Jorge de Capadocia, un tribuno militar y consejero de Diocleciano, cuya muerte por su adscripci\u00f3n cristiana se sit\u00faa en el 23 de abril de 303. Su popularizaci\u00f3n por toda Europa se atribuye a la \u201cLeyenda Aurea\u201d, libro del siglo XIII en el que <b>Jacobo de Vor\u00e1gine<\/b>, arzobispo de G\u00e9nova, reuni\u00f3 historias y leyendas sobre 180 santos y m\u00e1rtires de la cristiandad.<\/span><\/span><\/div>\n<div class=\"MsoNormal\" style=\"text-align: justify\"><span style=\"font-size: small\"><span>Ciertamente el mito prevalece sobre la veracidad hist\u00f3rica, tanto en el caso catal\u00e1n como en el cacere\u00f1o.<\/span><\/span><\/div>\n<div class=\"MsoNormal\" style=\"text-align: justify\"><\/div>\n<div class=\"MsoNormal\" style=\"text-align: justify\"><span style=\"font-size: small\"><b><span>Sant Jordi<\/span><\/b><\/span><\/div>\n<div class=\"MsoNormal\" style=\"text-align: justify\"><span style=\"font-size: small\"><span>Sant Jordi es patr\u00f3n de Catalunya, seg\u00fan diversas fuentes, desde 1456, aunque con anterioridad ya estaba muy arraigada su tradici\u00f3n. Una de las versiones de la leyenda catalana se sit\u00faa en la localidad tarraconense de Montblanc, en la que se repite el argumento de un drag\u00f3n que atemorizaba a la localidad, del que fueron librados por un caballero vestido de blanco sobre un caballo de igual color: Sant Jordi. De la sangre derramada por la bestia surgi\u00f3 un rosal de rosas rojas, una de las cuales fue entregada por el caballero a la princesa que acababa de salvar.<\/span><\/span><\/div>\n<div class=\"separator\" style=\"clear: both;text-align: center\"><a href=\"http:\/\/3.bp.blogspot.com\/-i_WIvC5XD8k\/T5MIXg-AkdI\/AAAAAAAABdg\/CnsRm56EKS8\/s1600\/rosa-y-libro.jpg\"><img loading=\"lazy\" border=\"0\" height=\"213\" src=\"\/\/3.bp.blogspot.com\/-i_WIvC5XD8k\/T5MIXg-AkdI\/AAAAAAAABdg\/CnsRm56EKS8\/s320\/rosa-y-libro.jpg\" width=\"320\" \/><\/a><\/div>\n<div class=\"MsoNormal\" style=\"text-align: justify\"><span style=\"font-size: small\"><span>Alrededor de esta historia, y en un proceso de sincretismo que ha incorporado tambi\u00e9n tradiciones romanas como las ofrendas florales de la primavera, se ha construido la tradici\u00f3n del D\u00eda de Sant Jordi. En esa jornada, que curiosamente no es festiva, pero que se vive y trabaja en un ambiente totalmente festivo, se unen amor, literatura y reivindicaci\u00f3n. Pueblos y ciudades engalanan sus balcones con la <i>senyera<\/i>, la cuatribarrada bandera catal\u00e1n. Miles de puestos ocupan calles, plazas y avenidas para vender rosas, s\u00edmbolo del amor, adornadas con espigas, s\u00edmbolo de la fertilidad. Y adem\u00e1s los libreros de todos los rincones salen a las calles, montan sus paradas, y hacen que la literatura est\u00e9 m\u00e1s presente que nunca en la vida de los ciudadanos.<\/span><\/span><\/div>\n<div class=\"MsoNormal\" style=\"text-align: justify\"><span style=\"font-size: small\"><span>Sant Jordi forma parte de esos imborrables recuerdos infantiles, cuando a finales de los a\u00f1os sesenta del siglo pasado, en mi pueblo, en Premi\u00e0 de Mar, se montaba la peque\u00f1a <i>Fira del Llibre<\/i>. Era de las pocas oportunidades que uno ten\u00eda de ver una m\u00e1s o menos amplia muestra de libros escritos en catal\u00e1n. Y entre las adquisiciones no faltaron, por supuesto, varios cuentos troquelados de historias de <i>En Patufet, <\/i>el equivalente en Catalunya de personajes como Pulgarcito o Garbancito.<\/span><\/span><\/div>\n<div class=\"MsoNormal\" style=\"text-align: justify\"><span style=\"font-size: small\"><span>Hoy en d\u00eda la <i>Fira del Llibre<\/i> ha alcanzado una gran magnitud, sobre todo en la ciudad de Barcelona, siendo la presencia de escritores y la firma de libros uno de los principales atractivos para el gran p\u00fablico. S\u00f3lo a modo de ejemplo adjunto el enlace para poder ver la&nbsp;<a href=\"http:\/\/www.lavanguardia.com\/libros\/sant-jordi\/20120420\/54284654287\/las-firmas-de-autor-de-sant-jordi.html%20\">lista de autores<\/a> que est\u00e1 previsto que participen en firmas de libros en diversos puntos de Catalunya.<\/span>&nbsp;<span><\/span><\/span><\/div>\n<div class=\"MsoNormal\" style=\"text-align: justify\"><span style=\"font-size: small\"><span>Desde que vivo en Extremadura he procurado permanecer fiel a la tradici\u00f3n de regalar la rosa para el D\u00eda de Sant Jordi. Inicialmente a mi mujer, y hoy en d\u00eda tambi\u00e9n a mi hija. Con el paso de los a\u00f1os he podido comprobar c\u00f3mo esta costumbre se ha ido expandiendo tambi\u00e9n aqu\u00ed, y no es extra\u00f1o ver ese d\u00eda a bastantes personas adquiriendo la tradicional rosa roja en las florister\u00edas.<\/span><\/span><\/div>\n<div class=\"MsoNormal\" style=\"text-align: justify\"><\/div>\n<div class=\"MsoNormal\" style=\"text-align: justify\"><span style=\"font-size: small\"><b><span>San Jorge<\/span><\/b><\/span><\/div>\n<table cellpadding=\"0\" cellspacing=\"0\" class=\"tr-caption-container\" style=\"float: right;margin-left: 1em;text-align: right\">\n<tbody>\n<tr>\n<td style=\"text-align: center\"><a href=\"http:\/\/4.bp.blogspot.com\/-iMYJmKwofks\/T5MIj0zdoSI\/AAAAAAAABdo\/MSw5FKOLCfw\/s1600\/san_jorge_2012.jpg\"><img loading=\"lazy\" border=\"0\" height=\"400\" src=\"\/\/4.bp.blogspot.com\/-iMYJmKwofks\/T5MIj0zdoSI\/AAAAAAAABdo\/MSw5FKOLCfw\/s400\/san_jorge_2012.jpg\" width=\"285\" \/><\/a><\/td>\n<\/tr>\n<tr>\n<td class=\"tr-caption\" style=\"text-align: center\">Cartel anunciador de la festividad cacere\u00f1a<\/td>\n<\/tr>\n<\/tbody>\n<\/table>\n<div class=\"MsoNormal\" style=\"text-align: justify\"><span style=\"font-size: small\"><span>Y situados ya en Extremadura, hay que referirse al San Jorge cacere\u00f1o, una festividad patronal que en las dos \u00faltimas d\u00e9cadas ha ido cogiendo m\u00e1s vuelo, con un programa de actividades que ha ido calando en la poblaci\u00f3n.<\/span><\/span><\/div>\n<div class=\"MsoNormal\" style=\"text-align: justify\"><span style=\"font-size: small\"><span>La leyenda cacere\u00f1a se sit\u00faa en los tiempos del sitio de la ciudad por parte de las huestes cristianas del rey Alfonso IX, en 1229. Cuenta la misma que el enamoramiento entre la bella hija del <i>kaid <\/i>de la ciudad y un capit\u00e1n cristiano, tuvo como resultado la posibilidad de franquear las murallas a trav\u00e9s de pasadizos subterr\u00e1neos, la v\u00edspera del 23 de abril. Con ello los asaltantes consiguieron hacerse con el dominio de la ciudad y se decidi\u00f3 que San Jorge, considerado m\u00e1ximo protector de los ej\u00e9rcitos de la Cristiandad, fuera el patr\u00f3n de C\u00e1ceres.<\/span><\/span><\/div>\n<div class=\"MsoNormal\" style=\"text-align: justify\"><span style=\"font-size: small\"><span>En los dos a\u00f1os que viv\u00ed en la ciudad, entre 1987 y 1989, no recuerdo que se realizasen actividades especialmente significativas para la celebraci\u00f3n. Sin embargo, como ya he dicho, desde entonces hasta la actualidad, ha ido transform\u00e1ndose, populariz\u00e1ndose y ganando peso en el calendario festivo de C\u00e1ceres.<\/span><\/span><\/div>\n<div class=\"MsoNormal\" style=\"text-align: justify\"><span style=\"font-size: small\"><span>El punto \u00e1lgido de un extenso programa de <a href=\"http:\/\/www.ayto-caceres.es\/files\/programa%20SJ%202012-2.pdf\">actividades<\/a>, es el desfile de San Jorge y el Drag\u00f3n, que el domingo 22 de abril recorre buena parte de C\u00e1ceres, desde la barriada de Moctezuma, hasta la Plaza Mayor, en la que se produce su quema. Este a\u00f1o la compa\u00f1\u00eda teatral <b>Teatrapo<\/b> es la encargada de organizar la cabalgata, mientras que la compa\u00f1\u00eda cacere\u00f1a de danza <b>Karlik<\/b> ser\u00e1 la que posteriormente haga una recreaci\u00f3n de la leyenda de San Jorge. <span>&nbsp;<\/span><span>&nbsp;<\/span><\/span><\/span><\/div>\n<!-- AddThis Advanced Settings generic via filter on the_content --><!-- AddThis Share Buttons generic via filter on the_content -->","protected":false},"excerpt":{"rendered":"<p>> &#8220;San Jorge y el drag\u00f3n&#8221; de Paolo Uccello Junto con otros muchos lugares, como Inglaterra, Portugal, Hungr\u00eda o Georgia, la ciudad de C\u00e1ceres y Catalunya, en su conjunto, comparten el mismo patronazgo: el San Jorge cacere\u00f1o y el Sant Jordi catal\u00e1n. Ambos derivan de las m\u00faltiples leyendas e historias construidas en torno a la [&hellip;]<!-- AddThis Advanced Settings generic via filter on get_the_excerpt --><!-- AddThis Share Buttons generic via filter on get_the_excerpt --><\/p>\n","protected":false},"author":51,"featured_media":0,"comment_status":"open","ping_status":"closed","sticky":false,"template":"","format":"standard","meta":[],"categories":[10],"tags":[],"_links":{"self":[{"href":"https:\/\/blogs.hoy.es\/catalanaconjamon\/wp-json\/wp\/v2\/posts\/10"}],"collection":[{"href":"https:\/\/blogs.hoy.es\/catalanaconjamon\/wp-json\/wp\/v2\/posts"}],"about":[{"href":"https:\/\/blogs.hoy.es\/catalanaconjamon\/wp-json\/wp\/v2\/types\/post"}],"author":[{"embeddable":true,"href":"https:\/\/blogs.hoy.es\/catalanaconjamon\/wp-json\/wp\/v2\/users\/51"}],"replies":[{"embeddable":true,"href":"https:\/\/blogs.hoy.es\/catalanaconjamon\/wp-json\/wp\/v2\/comments?post=10"}],"version-history":[{"count":0,"href":"https:\/\/blogs.hoy.es\/catalanaconjamon\/wp-json\/wp\/v2\/posts\/10\/revisions"}],"wp:attachment":[{"href":"https:\/\/blogs.hoy.es\/catalanaconjamon\/wp-json\/wp\/v2\/media?parent=10"}],"wp:term":[{"taxonomy":"category","embeddable":true,"href":"https:\/\/blogs.hoy.es\/catalanaconjamon\/wp-json\/wp\/v2\/categories?post=10"},{"taxonomy":"post_tag","embeddable":true,"href":"https:\/\/blogs.hoy.es\/catalanaconjamon\/wp-json\/wp\/v2\/tags?post=10"}],"curies":[{"name":"wp","href":"https:\/\/api.w.org\/{rel}","templated":true}]}}