{"id":11,"date":"2012-04-28T19:30:00","date_gmt":"2012-04-28T19:30:00","guid":{"rendered":"http:\/\/blogs.hoy.es\/catalanaconjamon\/2012\/04\/28\/a-pie-por-extremadura-con-josep-maria-espinas\/"},"modified":"2012-04-28T19:30:00","modified_gmt":"2012-04-28T19:30:00","slug":"a-pie-por-extremadura-con-josep-maria-espinas","status":"publish","type":"post","link":"https:\/\/blogs.hoy.es\/catalanaconjamon\/2012\/04\/28\/a-pie-por-extremadura-con-josep-maria-espinas\/","title":{"rendered":">A pie por Extremadura con Josep Maria Espin\u00e0s"},"content":{"rendered":"<p>><!--[if gte mso 9]>   Normal  0      21      false  false  false    ES  X-NONE  X-NONE                                       MicrosoftInternetExplorer4                                     <![endif]--><!--[if gte mso 9]>                                                                                                                                                                                                                                                                                    <![endif]--><!--[if gte mso 10]> \/* Style Definitions *\/  table.MsoNormalTable  {mso-style-name:\"Tabla normal\";  mso-tstyle-rowband-size:0;  mso-tstyle-colband-size:0;  mso-style-noshow:yes;  mso-style-priority:99;  mso-style-qformat:yes;  mso-style-parent:\"\";  mso-padding-alt:0cm 5.4pt 0cm 5.4pt;  mso-para-margin:0cm;  mso-para-margin-bottom:.0001pt;  mso-pagination:widow-orphan;  font-size:11.0pt;  font-family:\"Calibri\",\"sans-serif\";  mso-ascii-font-family:Calibri;  mso-ascii-theme-font:minor-latin;  mso-fareast-font-family:\"Times New Roman\";  mso-fareast-theme-font:minor-fareast;  mso-hansi-font-family:Calibri;  mso-hansi-theme-font:minor-latin;  mso-bidi-font-family:\"Times New Roman\";  mso-bidi-theme-font:minor-bidi;} <![endif]--> <\/p>\n<table cellpadding=\"0\" cellspacing=\"0\" class=\"tr-caption-container\" style=\"float: right;margin-left: 1em;text-align: right\">\n<tbody>\n<tr>\n<td style=\"text-align: center\"><a href=\"http:\/\/3.bp.blogspot.com\/-6T6RFPeZGTM\/T5xCXBkrqeI\/AAAAAAAABd8\/bpBRrORxSuY\/s1600\/josepmaria_espinas_475.jpg\"><img loading=\"lazy\" border=\"0\" height=\"237\" src=\"\/\/3.bp.blogspot.com\/-6T6RFPeZGTM\/T5xCXBkrqeI\/AAAAAAAABd8\/bpBRrORxSuY\/s320\/josepmaria_espinas_475.jpg\" width=\"320\" \/><\/a><\/td>\n<\/tr>\n<tr>\n<td class=\"tr-caption\" style=\"text-align: center\">Josep Maria Espin\u00e0s<\/td>\n<\/tr>\n<\/tbody>\n<\/table>\n<p><!--[if gte mso 9]>   Normal  0      21      false  false  false    ES  X-NONE  X-NONE                                       MicrosoftInternetExplorer4                                     <![endif]--><!--[if gte mso 9]>                                                                                                                                                                                                                                                                                    <![endif]--><!--[if gte mso 10]> \/* Style Definitions *\/  table.MsoNormalTable  {mso-style-name:\"Tabla normal\";  mso-tstyle-rowband-size:0;  mso-tstyle-colband-size:0;  mso-style-noshow:yes;  mso-style-priority:99;  mso-style-qformat:yes;  mso-style-parent:\"\";  mso-padding-alt:0cm 5.4pt 0cm 5.4pt;  mso-para-margin:0cm;  mso-para-margin-bottom:.0001pt;  mso-pagination:widow-orphan;  font-size:11.0pt;  font-family:\"Calibri\",\"sans-serif\";  mso-ascii-font-family:Calibri;  mso-ascii-theme-font:minor-latin;  mso-fareast-font-family:\"Times New Roman\";  mso-fareast-theme-font:minor-fareast;  mso-hansi-font-family:Calibri;  mso-hansi-theme-font:minor-latin;  mso-bidi-font-family:\"Times New Roman\";  mso-bidi-theme-font:minor-bidi;} <![endif]--> <\/p>\n<div style=\"line-height: 115%;margin-bottom: .0001pt;margin-bottom: 0cm;text-align: justify\"><span>Rebuscando en la biblioteca t\u00edtulos que <span>respondan al criterio de vinculaci\u00f3n entre Extremadura y Catalunya que preside este blog, me top\u00e9 con <i>A pie por Extremadura<\/i>, libro de viaje del veterano escritor y periodista <a href=\"http:\/\/www.escriptors.cat\/autors\/espinasjm\/pagina.php?id_sec=2796\">Josep Maria Espin\u00e0s<\/a> (Barcelona,1927).&nbsp;<\/span><\/span><\/div>\n<div style=\"line-height: 115%;margin-bottom: 0.0001pt;text-align: justify\"><span><span>El libro forma parte de la colecci\u00f3n <i>A pie de pipa<\/i>, en la que el autor recopila una quincena de recorridos por distintos lugares de la Pen\u00ednsula. Publicado inicialmente en catal\u00e1n en 2001 en <a href=\"http:\/\/www.edicionslacampana.cat\/\">Edicions La Campana<\/a>, la versi\u00f3n castellana del mismo vio la luz en diciembre de 2005 de la mano de la editorial <a href=\"http:\/\/www.edhasa.es\/\">Edhasa<\/a>.&nbsp;<\/span><\/span><\/div>\n<div style=\"line-height: 115%;margin-bottom: 0.0001pt;text-align: justify\"><\/div>\n<div class=\"MsoNormal\" style=\"margin-bottom: .0001pt;margin-bottom: 0cm;text-align: justify\"><span style=\"font-size: small\"><i><span>A pie por Extremadura<\/span><\/i><\/span><span><span style=\"font-size: small\">, que lleva por subt\u00edtulo <i>Las Villuercas y Los Ibores<\/i>, es la cr\u00f3nica de la ruta andando que el autor<b> <\/b>realiz\u00f3, en compa\u00f1\u00eda de <b>Sebasti\u00e0 Alqu\u00e9zar<\/b>e <b>Isabel Mart\u00ed, <\/b>por estas dos comarcas cacere\u00f1as. Aunque su idea original le habr\u00eda llevado a Trujillo como epicentro de su viaje extreme\u00f1o, el propio Espin\u00e0s explica que finalmente opt\u00f3 por Las Villuercas y Los Ibores, gracias a los consejos que obtuvo del catedr\u00e1tico de geograf\u00eda de la Universidad de Extremadura, <\/span><b><span style=\"font-size: small\">Antonio Campesino.<\/span><\/b><\/span><\/div>\n<div class=\"separator\"><span style=\"font-size: small\"><a href=\"http:\/\/1.bp.blogspot.com\/-wKNzDj9TZQ0\/T5xCt2Dl0II\/AAAAAAAABeE\/EAocO_Wg4F0\/s1600\/Libro+Espin%C3%A0s.jpg\"><img loading=\"lazy\" border=\"0\" height=\"320\" src=\"\/\/1.bp.blogspot.com\/-wKNzDj9TZQ0\/T5xCt2Dl0II\/AAAAAAAABeE\/EAocO_Wg4F0\/s320\/Libro+Espin%C3%A0s.jpg\" width=\"320\" \/><\/a><\/span><\/div>\n<div class=\"MsoNormal\" style=\"margin-bottom: 0.0001pt;text-align: justify\"><span>Partiendo desde Al\u00eda, localidad de los abuelos del que fuera jugador del F.C. Barcelona, <b>Javier Saviola<\/b>; el recorrido sigue por Guadalupe, Navalvillar de Ibor, Casta\u00f1ar de Ibor, Robledollano, Caba\u00f1as del Castillo, Solana, Berzocana y Ca\u00f1amero. Desde esta \u00faltima localidad el trayecto circular se cierra volviendo a Guadalupe, a trav\u00e9s de la \u201cRuta de Isabel la Cat\u00f3lica\u201d, con su famoso \u201cMelonar de los Frailes\u201d, y despu\u00e9s de nuevo hasta Al\u00eda.&nbsp;<\/span><\/div>\n<div class=\"MsoNormal\" style=\"margin-bottom: 0.0001pt;text-align: justify\"><span>Aunque en la \u00faltima d\u00e9cada, la dotaci\u00f3n de alojamientos de la zona ha mejorado bastante, en el momento de realizar el viaje el autor y sus acompa\u00f1antes, en el momento del tr\u00e1nsito entre los dos siglos, a\u00fan encontraron alguna dificultad en alguna localidad. Por eso expresan su agradecimiento a las buenas gestiones que hizo para solventarlas <b>Pedro Blanco<\/b>, de la Asociaci\u00f3n para la Promoci\u00f3n y el Desarrollo Rural de la Comarca de Las Villuercas, Ibores, Jara (<a href=\"http:\/\/aprodervi.blogspot.com.es\/\">APRODERVI<\/a>). <\/span><\/div>\n<div class=\"MsoNormal\" style=\"margin-bottom: 0.0001pt;text-align: justify\"><span>Se trata de una zona de una gran belleza natural, en la que se suceden las sierras y los r\u00edos y regatos, combin\u00e1ndose con las zonas de dehesa. Yo mismo he transitado buena parte de ese itinerario en bicicleta y lo recomiendo sin duda alguna. Eso s\u00ed, al ritmo pausado que proporciona el caminar o el pedalear, que permite observar y aprehender las cosas, los aromas, los sonidos, las palabras. Todo lo contrario de la aceleraci\u00f3n y la rapidez del coche, que te traslada de un sitio a otro, sin sentir y sin ver.<\/span><\/div>\n<div class=\"MsoNormal\" style=\"margin-bottom: 0.0001pt;text-align: justify\"><span>Al encanto paisaj\u00edstico de Las Villuercas y Los Ibores, se une el atractivo patrimonial, innegable de enclaves como Guadalupe. <\/span><\/div>\n<div class=\"MsoNormal\" style=\"margin-bottom: 0.0001pt;text-align: justify\"><span>Pero no es ese el enfoque y el objetivo del libro de Espin\u00e0s, sino m\u00e1s bien el patrimonio humano, las personas que habitan el territorio y que son, en definitiva, las que le dan sentido.<\/span><\/div>\n<div class=\"MsoNormal\" style=\"margin-bottom: 0.0001pt;text-align: justify\"><span>Y al respecto el autor se cuestiona sobre el hecho de que casi nunca, por no decir jam\u00e1s, en las informaciones que se editan y se publican sobre cualquier localidad o zona, se hace referencia al pulso vital de sus gentes, a sus personajes an\u00f3nimos, a las experiencias cotidianas. Dice Espin\u00e0s: <i>seguramente podr\u00e1 encontrarse en alg\u00fan sitio una descripci\u00f3n v\u00e1lida de la iglesia de Navalvillar de Ibor, de Robledollano, de donde sea, pero \u00bfsabemos algo de los hombres y mujeres que, durante generaciones, acud\u00edas a dichas iglesias? Se dir\u00eda que no ha existido jam\u00e1s nadie de carne y hueso, en estos pueblos. Si no ha hecho carrera eclesi\u00e1stica o militar. <\/i>A continuaci\u00f3n a\u00f1ade que <i>es la existencia de esta gente, que no es m\u00e1s que un n\u00famero en los informes demogr\u00e1ficos, lo que no me ha permitido nunca descansar mucho, por no decir nada, cuando llego a un pueblo, y enseguida necesito salir a la calle, siempre demasiado pronto, cual el sol a\u00fan cae con fuerza y esta gente est\u00e1 en su leg\u00edtimo derecho de quedarse en casa y no querer saber nada del forastero que, vaya usted a saber por qu\u00e9 raz\u00f3n, no para de moverse de aqu\u00ed para all\u00e1<\/i>.<\/span><\/div>\n<div class=\"MsoNormal\" style=\"margin-bottom: 0.0001pt;text-align: justify\"><span>Con esa premisa el libro desbroza un sinf\u00edn de encuentros y conversaciones, de an\u00e9cdotas y curiosidades, de presencia de catalanes por estas tierras y de extreme\u00f1os que han estado en Catalunya.<\/span><\/div>\n<div class=\"MsoNormal\" style=\"margin-bottom: 0.0001pt;text-align: justify\"><span>Para cualquiera que conozca los lugares que describe Espin\u00e0s, <i>A pie por Extremadura<\/i> es una buena oportunidad de revivirlos desde una perspectiva probablemente diferente. Y para quien a\u00fan no haya tenido la suerte de visitarlos, es una invitaci\u00f3n a hacerlo.<\/span><\/div>\n<!-- AddThis Advanced Settings generic via filter on the_content --><!-- AddThis Share Buttons generic via filter on the_content -->","protected":false},"excerpt":{"rendered":"<p>> Josep Maria Espin\u00e0s Rebuscando en la biblioteca t\u00edtulos que respondan al criterio de vinculaci\u00f3n entre Extremadura y Catalunya que preside este blog, me top\u00e9 con A pie por Extremadura, libro de viaje del veterano escritor y periodista Josep Maria Espin\u00e0s (Barcelona,1927).&nbsp; El libro forma parte de la colecci\u00f3n A pie de pipa, en la [&hellip;]<!-- AddThis Advanced Settings generic via filter on get_the_excerpt --><!-- AddThis Share Buttons generic via filter on get_the_excerpt --><\/p>\n","protected":false},"author":51,"featured_media":0,"comment_status":"open","ping_status":"closed","sticky":false,"template":"","format":"standard","meta":[],"categories":[2],"tags":[],"_links":{"self":[{"href":"https:\/\/blogs.hoy.es\/catalanaconjamon\/wp-json\/wp\/v2\/posts\/11"}],"collection":[{"href":"https:\/\/blogs.hoy.es\/catalanaconjamon\/wp-json\/wp\/v2\/posts"}],"about":[{"href":"https:\/\/blogs.hoy.es\/catalanaconjamon\/wp-json\/wp\/v2\/types\/post"}],"author":[{"embeddable":true,"href":"https:\/\/blogs.hoy.es\/catalanaconjamon\/wp-json\/wp\/v2\/users\/51"}],"replies":[{"embeddable":true,"href":"https:\/\/blogs.hoy.es\/catalanaconjamon\/wp-json\/wp\/v2\/comments?post=11"}],"version-history":[{"count":0,"href":"https:\/\/blogs.hoy.es\/catalanaconjamon\/wp-json\/wp\/v2\/posts\/11\/revisions"}],"wp:attachment":[{"href":"https:\/\/blogs.hoy.es\/catalanaconjamon\/wp-json\/wp\/v2\/media?parent=11"}],"wp:term":[{"taxonomy":"category","embeddable":true,"href":"https:\/\/blogs.hoy.es\/catalanaconjamon\/wp-json\/wp\/v2\/categories?post=11"},{"taxonomy":"post_tag","embeddable":true,"href":"https:\/\/blogs.hoy.es\/catalanaconjamon\/wp-json\/wp\/v2\/tags?post=11"}],"curies":[{"name":"wp","href":"https:\/\/api.w.org\/{rel}","templated":true}]}}