{"id":114,"date":"2013-02-09T12:31:26","date_gmt":"2013-02-09T10:31:26","guid":{"rendered":"http:\/\/blogs.hoy.es\/catalanaconjamon\/?p=114"},"modified":"2013-02-09T12:31:26","modified_gmt":"2013-02-09T10:31:26","slug":"jose-pardo-guzman-a-sus-24-anos-el-presidente-mas-joven-de-un-centro-extremeno-en-catalunya","status":"publish","type":"post","link":"https:\/\/blogs.hoy.es\/catalanaconjamon\/2013\/02\/09\/jose-pardo-guzman-a-sus-24-anos-el-presidente-mas-joven-de-un-centro-extremeno-en-catalunya\/","title":{"rendered":"Jos\u00e9 Pardo Guzm\u00e1n, a sus 24 a\u00f1os, el presidente m\u00e1s joven de un centro extreme\u00f1o en Catalunya"},"content":{"rendered":"<img loading=\"lazy\" class=\" wp-image-115 \" title=\"Coros y danzas Jos\u00e9 Pardo\" src=\"\/catalanaconjamon\/wp-content\/uploads\/sites\/49\/2013\/02\/Coros-y-danzas-Jos\u00e9-Pardo.jpg\" alt=\"\" width=\"630\" height=\"354\" srcset=\"https:\/\/static-blogs.hoy.es\/wp-content\/uploads\/sites\/49\/2013\/02\/Coros-y-danzas-Jos\u00e9-Pardo.jpg 720w, https:\/\/static-blogs.hoy.es\/wp-content\/uploads\/sites\/49\/2013\/02\/Coros-y-danzas-Jos\u00e9-Pardo-300x169.jpg 300w\" sizes=\"(max-width: 630px) 100vw, 630px\" \/>\n<p><strong>La falta de inter\u00e9s asociativo de los j\u00f3venes, hijos y nietos de emigrantes extreme\u00f1os, es un lugar com\u00fan en el que, de pronto, irrumpe el ejemplo de Jos\u00e9 Pardo Guzm\u00e1n que con s\u00f3lo 24 a\u00f1os, el pasado 26 de enero de 2013, fue elegido presidente del Centro Extreme\u00f1o \u201cRuta de la Plata\u201d de la localidad barcelonesa de El Prat de Llobregat.<\/strong><\/p>\n<p>Jos\u00e9 naci\u00f3 hace 24 a\u00f1os en Igualada (Barcelona). Su padre es de la barriada cacere\u00f1a de Aldea Moret, mientras que su madre es de la vecina localidad de Arroyo de la Luz. Estudi\u00f3 FP Grado Superior de Inform\u00e1tica y actualmente realiza tareas administrativas en una empresa dedicada a la distribuci\u00f3n de agua mineral embotellada.<\/p>\n<p>De la mano de una de sus grandes aficiones, los bailes regionales, ha vivido el movimiento asociativo emigrante desde su infancia. En 1992, con 4 a\u00f1os, empez\u00f3 a aprender a bailar en la Pe\u00f1a Flamenca de Vilanova del Cam\u00ed, su localidad de residencia, en la que ya estaban sus dos hermanas. En 1994 se incorpora al reci\u00e9n creado Centro Cultural Extreme\u00f1o Anoia, actualmente denominado Uni\u00f3n Cultural Extreme\u00f1a Anoia, en el que permanecer\u00e1 hasta 2008. En paralelo, desde 2002 pertenece al grupo de baile folcl\u00f3rico catal\u00e1n, Esbart Dansaire de Vilanova del Cam\u00ed, y desde 2003 comenz\u00f3 a ir tambi\u00e9n al <a href=\"http:\/\/www.facebook.com\/pages\/Centro-Extreme%C3%B1o-Ruta-de-la-Plata\/564685786892676?ref=ts&#038;fref=ts\">Centro Extreme\u00f1o \u201cRuta de la Plata\u201d de El Prat de Llobregat<\/a>. En este \u00faltimo centro conocer\u00e1 a su pareja, lleva casi 5 a\u00f1os como profesor de danza, y ha sido miembro de la junta directiva, como vocal de juventud, hasta que el pasado 26 de enero, la Asamblea General Extraordinaria lo eligi\u00f3 como presidente de la entidad: el m\u00e1s joven de cuantos dirigen centros extreme\u00f1os en Catalunya.<\/p>\n<p><strong>Cuando parece que lo de las asociaciones extreme\u00f1as es cosa de los mayores, aparece usted con apenas 24 a\u00f1os. \u00bfPor qu\u00e9 decide presentarse? <\/strong>Todo viene por el impulso e iniciativa del anterior presidente del centro, <strong>Jos\u00e9 G\u00f3mez Barriga<\/strong>, que durante a\u00f1os ha luchado incansablemente para sacar adelante la entidad. Una de las cosas que ha querido ha sido iniciar un proceso de renovaci\u00f3n en la junta directiva, apostando por gente joven, y que yo sea el presidente.<\/p>\n<div id=\"attachment_116\" style=\"width: 457px\" class=\"wp-caption alignright\"><a href=\"\/catalanaconjamon\/wp-content\/uploads\/sites\/49\/2013\/02\/Jos\u00e9-Pardo.jpg\"><img aria-describedby=\"caption-attachment-116\" loading=\"lazy\" class=\" wp-image-116\" title=\"Jos\u00e9 Pardo\" src=\"\/catalanaconjamon\/wp-content\/uploads\/sites\/49\/2013\/02\/Jos\u00e9-Pardo.jpg\" alt=\"\" width=\"447\" height=\"596\" srcset=\"https:\/\/static-blogs.hoy.es\/wp-content\/uploads\/sites\/49\/2013\/02\/Jos\u00e9-Pardo.jpg 600w, https:\/\/static-blogs.hoy.es\/wp-content\/uploads\/sites\/49\/2013\/02\/Jos\u00e9-Pardo-225x300.jpg 225w\" sizes=\"(max-width: 447px) 100vw, 447px\" \/><\/a><p id=\"caption-attachment-116\" class=\"wp-caption-text\">Jos\u00e9 Pardo<\/p><\/div>\n<p><strong>\u00bfCu\u00e1l es su objetivo y proyecto para el centro? <\/strong>Mi objetivo principal es profundizar en este proceso, poder involucrar m\u00e1s a los j\u00f3venes y a los ni\u00f1os en la vida del centro. Por lo tanto mi proyecto consiste, entre otras cosas, en crear nuevas actividades para estos colectivos juveniles e infantiles, que se a\u00f1adan al programa anual de actos que organizamos cada a\u00f1o, como son el D\u00eda de Extremadura, el aniversario de la entidad, etc.<\/p>\n<p><strong>\u00bfEl suyo es un caso aislado o conoce a otros j\u00f3venes, de origen extreme\u00f1o, interesados en mantener vivo el fuego de asociaciones y hogares?<\/strong> Aislado no creo que sea, si bien es extra\u00f1o que siendo tan joven me haga cargo de esta gran responsabilidad, como es dirigir un centro. Creo que es escasa la juventud que se involucra en este tipo de entidades regionales.<\/p>\n<p><strong>\u00bfQu\u00e9 cree que le falta, en general, al movimiento asociativo extreme\u00f1os en Catalunya y qu\u00e9 le sobra? <\/strong>Creo que falta m\u00e1s colaboraci\u00f3n y participaci\u00f3n en los centros u hogares de los emigrantes extreme\u00f1os que residen en Catalunya. Y tambi\u00e9n falta m\u00e1s cantidad y variedad de actos culturales, recitales, exposiciones, folclore, etc. No creo que sobre nada, m\u00e1s bien todo lo contrario.<\/p>\n<p><strong>En tiempo de estrecheces y recortes, \u00bfc\u00f3mo se sienten tratados por las administraciones?<\/strong> En muchas ocasiones nos sentimos abandonados y sin que nadie escuche nuestras inquietudes, cuando principalmente nuestras entidades est\u00e1n creadas para divulgar y promover la cultura extreme\u00f1a aqu\u00ed en Catalunya.<\/p>\n<p><strong>En localidades como el Prat, \u00bfqu\u00e9 relaci\u00f3n mantienen con otros colectivos y entidades de la localidad, se produce una buena convivencia cultural, compartiendo actos y celebraciones? <\/strong>La relaci\u00f3n entre todas las entidades de la localidad es muy estrecha. La convivencia general es muy buena. Entre unas y otras nos aconsejamos y ayudamos en la medida de lo posible, solemos participar en los actos que organizan las dem\u00e1s, de tal modo que se produce un interesante intercambio de culturas en un mismo acto. Adem\u00e1s, la mayor\u00eda de las entidades tambi\u00e9n acostumbramos a colaborar en los actos que organiza el Ayuntamiento del Prat.<\/p>\n<p><strong>Pertenece a una generaci\u00f3n de hijos o nietos de los que un d\u00eda emigraron de Extremadura. \u00bfCu\u00e1l es su relaci\u00f3n actual con la regi\u00f3n, c\u00f3mo la siente?<\/strong> Cada a\u00f1o, para el mes de agosto, aprovecho mi temporada de vacaciones para ir a Extremadura y poder pasar unos d\u00edas con la familia y amigos. Yo efectivamente soy catal\u00e1n, pero tengo un gran sentimiento de afecto hacia Extremadura, que es la tierra de mis padres, t\u00edos y abuelos, que tuvieron que marcharse de ella para buscar un trabajo, en aquellos momentos dif\u00edciles que se vivieron antiguamente, y que estamos volviendo a vivir tambi\u00e9n ahora.<strong> <\/strong><\/p>\n<p><strong>Muchas veces se ha utilizado con Extremadura la muletilla de ser la gran desconocida. \u00bfLo es realmente para hijos y nietos de los que emigraron?<\/strong> Yo creo que no es desconocida. La mayor parte de los que emigraron aprovechan las vacaciones de verano, Semana Santa, Navidades, etc\u2026 para ir con sus hijos a su tierra y pasar unos d\u00edas con las familias que no se marcharon y contin\u00faan en Extremadura.<\/p>\n<p><strong>\u00bfQu\u00e9 conocimiento y qu\u00e9 imagen se tiene de la regi\u00f3n?<\/strong> Para el resto de Espa\u00f1a siempre ha sido una regi\u00f3n que ha dado sensaci\u00f3n de pobreza y de ser esa gran desconocida que dec\u00edamos. Afortunadamente, tras las diversas campa\u00f1as para fomentar el turismo, cada vez se tiene mejor imagen de Extremadura. S\u00ed, creo que con el paso de los a\u00f1os ha cambiado la percepci\u00f3n que tradicionalmente hab\u00eda de la regi\u00f3n, moderniz\u00e1ndose y ajust\u00e1ndose m\u00e1s a la realidad de la vida actual. Eso tambi\u00e9n ocurre entre nosotros, entre los j\u00f3venes.<strong><\/strong><\/p>\n<p><strong>\u00bfLo que mejor transmite la imagen real o deseada de Extremadura?<\/strong> \u00daltimamente a trav\u00e9s del turismo se est\u00e1 potenciando la riqueza cultural de esta regi\u00f3n.<strong><\/strong><\/p>\n<p><strong>\u00bfY lo peor? <\/strong>Como en casi todas partes, el futuro incierto que tiene la juventud ante la falta de empleo y el desencanto por la situaci\u00f3n general del pa\u00eds, tanto en temas laborales, como educativos.<\/p>\n<p><strong>\u00bfSus rincones favoritos de Extremadura y de Catalunya?<\/strong> El casco antiguo de C\u00e1ceres y el Valle de Jerte, por una parte, y el \u00a0centro hist\u00f3rico de Barcelona y el paseo mar\u00edtimo, por otra.<\/p>\n<!-- AddThis Advanced Settings generic via filter on the_content --><!-- AddThis Share Buttons generic via filter on the_content -->","protected":false},"excerpt":{"rendered":"<p>La falta de inter\u00e9s asociativo de los j\u00f3venes, hijos y nietos de emigrantes extreme\u00f1os, es un lugar com\u00fan en el que, de pronto, irrumpe el ejemplo de Jos\u00e9 Pardo Guzm\u00e1n que con s\u00f3lo 24 a\u00f1os, el pasado 26 de enero de 2013, fue elegido presidente del Centro Extreme\u00f1o \u201cRuta de la Plata\u201d de la localidad [&hellip;]<!-- AddThis Advanced Settings generic via filter on get_the_excerpt --><!-- AddThis Share Buttons generic via filter on get_the_excerpt --><\/p>\n","protected":false},"author":51,"featured_media":0,"comment_status":"open","ping_status":"closed","sticky":false,"template":"","format":"standard","meta":[],"categories":[7],"tags":[33,55,79,96,129,183,194,268,291,296,496,501,512],"_links":{"self":[{"href":"https:\/\/blogs.hoy.es\/catalanaconjamon\/wp-json\/wp\/v2\/posts\/114"}],"collection":[{"href":"https:\/\/blogs.hoy.es\/catalanaconjamon\/wp-json\/wp\/v2\/posts"}],"about":[{"href":"https:\/\/blogs.hoy.es\/catalanaconjamon\/wp-json\/wp\/v2\/types\/post"}],"author":[{"embeddable":true,"href":"https:\/\/blogs.hoy.es\/catalanaconjamon\/wp-json\/wp\/v2\/users\/51"}],"replies":[{"embeddable":true,"href":"https:\/\/blogs.hoy.es\/catalanaconjamon\/wp-json\/wp\/v2\/comments?post=114"}],"version-history":[{"count":0,"href":"https:\/\/blogs.hoy.es\/catalanaconjamon\/wp-json\/wp\/v2\/posts\/114\/revisions"}],"wp:attachment":[{"href":"https:\/\/blogs.hoy.es\/catalanaconjamon\/wp-json\/wp\/v2\/media?parent=114"}],"wp:term":[{"taxonomy":"category","embeddable":true,"href":"https:\/\/blogs.hoy.es\/catalanaconjamon\/wp-json\/wp\/v2\/categories?post=114"},{"taxonomy":"post_tag","embeddable":true,"href":"https:\/\/blogs.hoy.es\/catalanaconjamon\/wp-json\/wp\/v2\/tags?post=114"}],"curies":[{"name":"wp","href":"https:\/\/api.w.org\/{rel}","templated":true}]}}